{"id":140086,"date":"2018-03-04T20:47:07","date_gmt":"2018-03-04T18:47:07","guid":{"rendered":"https:\/\/www.sana.sy\/tr\/?p=140086"},"modified":"2018-03-04T20:47:07","modified_gmt":"2018-03-04T18:47:07","slug":"sam-kirsali-dogu-gutada-bulunan-sivil-vatandaslarin-buyuk-cogunlugunun-teroristlerden-kurtulma-ve-devletin-kucagina-donmek-istediklerine-dikkat-ceken-el-esad-dolayisiyla-dogu-gutada","status":"publish","type":"post","link":"https:\/\/archive.sana.sy\/tr\/?p=140086","title":{"rendered":"\u015eam k\u0131rsal\u0131 Do\u011fu \u011euta\u2019da bulunan sivil vatanda\u015flar\u0131n b\u00fcy\u00fck \u00e7o\u011funlu\u011funun ter\u00f6ristlerden kurtulma ve devletin kuca\u011f\u0131na d\u00f6nmek istediklerine dikkat \u00e7eken el Esad; dolay\u0131s\u0131yla Do\u011fu \u011euta\u2019da ter\u00f6re kar\u015f\u0131 operasyonlar\u0131n kararl\u0131l\u0131kla devam edece\u011fini vurgulad\u0131."},"content":{"rendered":"<p>\u015eam k\u0131rsal\u0131 Do\u011fu \u011euta\u2019da bulunan sivil vatanda\u015flar\u0131n b\u00fcy\u00fck \u00e7o\u011funlu\u011funun ter\u00f6ristlerden kurtulma ve devletin kuca\u011f\u0131na d\u00f6nmek istediklerine dikkat \u00e7eken el Esad; dolay\u0131s\u0131yla Do\u011fu \u011euta\u2019da ter\u00f6re kar\u015f\u0131 operasyonlar\u0131n kararl\u0131l\u0131kla devam edece\u011fini vurgulad\u0131.<\/p>\n","protected":false},"excerpt":{"rendered":"<p>\u015eam k\u0131rsal\u0131 Do\u011fu \u011euta\u2019da bulunan sivil vatanda\u015flar\u0131n b\u00fcy\u00fck \u00e7o\u011funlu\u011funun ter\u00f6ristlerden kurtulma ve devletin kuca\u011f\u0131na d\u00f6nmek istediklerine dikkat \u00e7eken el Esad; dolay\u0131s\u0131yla Do\u011fu \u011euta\u2019da ter\u00f6re kar\u015f\u0131 operasyonlar\u0131n kararl\u0131l\u0131kla devam edece\u011fini vurgulad\u0131.<\/p>\n","protected":false},"author":1,"featured_media":0,"comment_status":"closed","ping_status":"closed","sticky":false,"template":"","format":"standard","meta":{"footnotes":""},"categories":[17991],"tags":[],"class_list":["post-140086","post","type-post","status-publish","format-standard","","category-son-dakika"],"_links":{"self":[{"href":"https:\/\/archive.sana.sy\/tr\/index.php?rest_route=\/wp\/v2\/posts\/140086","targetHints":{"allow":["GET"]}}],"collection":[{"href":"https:\/\/archive.sana.sy\/tr\/index.php?rest_route=\/wp\/v2\/posts"}],"about":[{"href":"https:\/\/archive.sana.sy\/tr\/index.php?rest_route=\/wp\/v2\/types\/post"}],"author":[{"embeddable":true,"href":"https:\/\/archive.sana.sy\/tr\/index.php?rest_route=\/wp\/v2\/users\/1"}],"replies":[{"embeddable":true,"href":"https:\/\/archive.sana.sy\/tr\/index.php?rest_route=%2Fwp%2Fv2%2Fcomments&post=140086"}],"version-history":[{"count":0,"href":"https:\/\/archive.sana.sy\/tr\/index.php?rest_route=\/wp\/v2\/posts\/140086\/revisions"}],"wp:attachment":[{"href":"https:\/\/archive.sana.sy\/tr\/index.php?rest_route=%2Fwp%2Fv2%2Fmedia&parent=140086"}],"wp:term":[{"taxonomy":"category","embeddable":true,"href":"https:\/\/archive.sana.sy\/tr\/index.php?rest_route=%2Fwp%2Fv2%2Fcategories&post=140086"},{"taxonomy":"post_tag","embeddable":true,"href":"https:\/\/archive.sana.sy\/tr\/index.php?rest_route=%2Fwp%2Fv2%2Ftags&post=140086"}],"curies":[{"name":"wp","href":"https:\/\/api.w.org\/{rel}","templated":true}]}}