{"id":140089,"date":"2018-03-04T20:49:28","date_gmt":"2018-03-04T18:49:28","guid":{"rendered":"https:\/\/www.sana.sy\/tr\/?p=140089"},"modified":"2018-03-04T20:49:28","modified_gmt":"2018-03-04T18:49:28","slug":"el-esad-fakat-dogu-gutada-teroru-yok-etme-operasyonlarina-es-zamanli-olarak-orada-bulunan-sivil-vatandaslarin-tahliyesi-icin-gereken-her-gayretin-gosterileceginin-de-altini-cizdi","status":"publish","type":"post","link":"https:\/\/archive.sana.sy\/tr\/?p=140089","title":{"rendered":"El Esad fakat Do\u011fu \u011euta\u2019da ter\u00f6r\u00fc yok etme operasyonlar\u0131na e\u015f zamanl\u0131 olarak orada bulunan sivil vatanda\u015flar\u0131n tahliyesi i\u00e7in gereken her gayretin g\u00f6sterilece\u011finin de alt\u0131n\u0131 \u00e7izdi."},"content":{"rendered":"<p>El Esad fakat Do\u011fu \u011euta\u2019da ter\u00f6r\u00fc yok etme operasyonlar\u0131na e\u015f zamanl\u0131 olarak orada bulunan sivil vatanda\u015flar\u0131n tahliyesi i\u00e7in gereken her gayretin g\u00f6sterilece\u011finin de alt\u0131n\u0131 \u00e7izdi.<\/p>\n","protected":false},"excerpt":{"rendered":"<p>El Esad fakat Do\u011fu \u011euta\u2019da ter\u00f6r\u00fc yok etme operasyonlar\u0131na e\u015f zamanl\u0131 olarak orada bulunan sivil vatanda\u015flar\u0131n tahliyesi i\u00e7in gereken her gayretin g\u00f6sterilece\u011finin de alt\u0131n\u0131 \u00e7izdi.<\/p>\n","protected":false},"author":1,"featured_media":0,"comment_status":"closed","ping_status":"closed","sticky":false,"template":"","format":"standard","meta":{"footnotes":""},"categories":[17991],"tags":[],"class_list":["post-140089","post","type-post","status-publish","format-standard","","category-son-dakika"],"_links":{"self":[{"href":"https:\/\/archive.sana.sy\/tr\/index.php?rest_route=\/wp\/v2\/posts\/140089","targetHints":{"allow":["GET"]}}],"collection":[{"href":"https:\/\/archive.sana.sy\/tr\/index.php?rest_route=\/wp\/v2\/posts"}],"about":[{"href":"https:\/\/archive.sana.sy\/tr\/index.php?rest_route=\/wp\/v2\/types\/post"}],"author":[{"embeddable":true,"href":"https:\/\/archive.sana.sy\/tr\/index.php?rest_route=\/wp\/v2\/users\/1"}],"replies":[{"embeddable":true,"href":"https:\/\/archive.sana.sy\/tr\/index.php?rest_route=%2Fwp%2Fv2%2Fcomments&post=140089"}],"version-history":[{"count":0,"href":"https:\/\/archive.sana.sy\/tr\/index.php?rest_route=\/wp\/v2\/posts\/140089\/revisions"}],"wp:attachment":[{"href":"https:\/\/archive.sana.sy\/tr\/index.php?rest_route=%2Fwp%2Fv2%2Fmedia&parent=140089"}],"wp:term":[{"taxonomy":"category","embeddable":true,"href":"https:\/\/archive.sana.sy\/tr\/index.php?rest_route=%2Fwp%2Fv2%2Fcategories&post=140089"},{"taxonomy":"post_tag","embeddable":true,"href":"https:\/\/archive.sana.sy\/tr\/index.php?rest_route=%2Fwp%2Fv2%2Ftags&post=140089"}],"curies":[{"name":"wp","href":"https:\/\/api.w.org\/{rel}","templated":true}]}}