{"id":140094,"date":"2018-03-04T22:21:03","date_gmt":"2018-03-04T20:21:03","guid":{"rendered":"https:\/\/www.sana.sy\/tr\/?p=140094"},"modified":"2018-03-05T16:15:19","modified_gmt":"2018-03-05T14:15:19","slug":"el-esad-erdoagnin-afrinde-one-surdugu-kurt-meselesi-nifaktan-baska-bir-sey-degildir-video","status":"publish","type":"post","link":"https:\/\/archive.sana.sy\/tr\/?p=140094","title":{"rendered":"El Esad: Erdoa\u011fn\u2019\u0131n Afrin\u2019de \u00d6ne S\u00fcrd\u00fc\u011f\u00fc K\u00fcrt Meselesi Nifaktan ba\u015fka Bir \u015eey De\u011fildir (video)"},"content":{"rendered":"<p>\u015eAM \u2013 Cumhurba\u015fkan\u0131 Be\u015f\u015far el Esad bas\u0131n mensuplar\u0131na yapt\u0131\u011f\u0131 a\u00e7\u0131klamalarda; insani ba\u015fl\u0131klar alt\u0131nda Suriye&#8217;ye kar\u015f\u0131 y\u00fcr\u00fct\u00fclen siyasi ve medyatik hamlenin; a\u011f\u0131r yenilgiye u\u011frat\u0131lan ter\u00f6r ve ter\u00f6ristleri yeniden g\u00fc\u00e7lendirme amac\u0131 ta\u015f\u0131d\u0131\u011f\u0131n\u0131 vurgulad\u0131.<\/p>\n<p><span style=\"color: #0000ff\">Ziyaretlerin Yo\u011funla\u015fmas\u0131 Gayet Do\u011fald\u0131r<\/span><\/p>\n<p>Son s\u00fcre\u00e7 i\u00e7inde \u0130ranl\u0131 heyetler dahil Suriye&#8217;ye artan ziyaret\u00e7i heyetlere ili\u015fkin soruya cevab\u0131nda el Esad; Suriye ve halk\u0131na kar\u015f\u0131 bu s\u00fcre\u00e7 i\u00e7inde y\u00fcr\u00fct\u00fclen siyasi, medyatik ve daha ba\u015fka y\u00f6nl\u00fc b\u00fcy\u00fck hamleye dikkat \u00e7ekti. El Esad ter\u00f6r \u00f6rg\u00fctlere her t\u00fcrl\u00fc deste\u011fin temin edildi\u011fi s\u00fcre\u00e7 i\u00e7inde \u201cinsan haklar\u0131, sivilleri bombalama, insani durumlar ve sivilleri savunma\u201d gibi ba\u015fl\u0131klar alt\u0131nda da siyasi ve medyatik hamle y\u00fcr\u00fct\u00fcld\u00fc\u011f\u00fcn\u00fc belirtti. El Esad ter\u00f6r\u00fc edat olarak kullanan taraflar\u0131n bu gibi hamleleri ve as\u0131ls\u0131z iddialar\u0131 her f\u0131rsatta tekrarlay\u0131p provokasyon ve bask\u0131larda bulunduklar\u0131n\u0131 ifade etti.<\/p>\n<p><a href=\"https:\/\/www.sana.sy\/tr\/wp-content\/uploads\/2018\/03\/be\u015f\u015fer-el-Esad1.jpg\"><img loading=\"lazy\" decoding=\"async\" class=\"alignright wp-image-140100 size-medium\" src=\"https:\/\/www.sana.sy\/tr\/wp-content\/uploads\/2018\/03\/be\u015f\u015fer-el-Esad1-300x235.jpg\" alt=\"\" width=\"300\" height=\"235\" srcset=\"https:\/\/archive.sana.sy\/tr\/wp-content\/uploads\/2018\/03\/be\u015f\u015fer-el-Esad1-300x235.jpg 300w, https:\/\/archive.sana.sy\/tr\/wp-content\/uploads\/2018\/03\/be\u015f\u015fer-el-Esad1-150x117.jpg 150w, https:\/\/archive.sana.sy\/tr\/wp-content\/uploads\/2018\/03\/be\u015f\u015fer-el-Esad1-768x601.jpg 768w, https:\/\/archive.sana.sy\/tr\/wp-content\/uploads\/2018\/03\/be\u015f\u015fer-el-Esad1.jpg 960w\" sizes=\"auto, (max-width: 300px) 100vw, 300px\" \/><\/a> El Esad s\u00f6z konusu heyetlerle bu durumu ve son geli\u015fmeleri de\u011ferlendirmekle birlikte So\u00e7i Kongresinin sonu\u00e7lar\u0131 ve hayata ge\u00e7irilmesini de\u011ferlendirdiklerini a\u00e7\u0131klad\u0131. Yak\u0131n bir s\u00fcre\u00e7 i\u00e7inde Rusya, \u0130ran ve T\u00fcrkiye\u2019nin de Suriye konusunda bir araya geleceklerini belirten el Esad; dolay\u0131s\u0131yla t\u00fcm bunlar\u0131n \u0131\u015f\u0131\u011f\u0131nda Suriye, Rusya ve \u0130ran aras\u0131nda ziyaretlerin olmas\u0131 ve koordinasyonun peki\u015ftirilmesinin gayet normal oldu\u011funa dikkat \u00e7ekti.<\/p>\n<p><span style=\"color: #0000ff\">Suriye ve Halk\u0131n\u0131 Korumak Ordunun Temel G\u00f6revidir<\/span><\/p>\n<p>BMGK\u2019nin 2401 say\u0131l\u0131 karar\u0131n\u0131n Suriye&#8217;nin tamam\u0131nda \u00e7at\u0131\u015fmalar\u0131n derhal durdurulmas\u0131n\u0131 \u00f6ng\u00f6rmesine ra\u011fmen \u015eam ve korsal\u0131na ter\u00f6r f\u00fczelerinin devam etti\u011fi ve Suriye ordusunun da Do\u011fu \u011euta\u2019ya b\u00fcy\u00fck bir operasyon ba\u015flatmas\u0131na ili\u015fkin soruya cevab\u0131nda el Esad; sald\u0131r\u0131y\u0131 ba\u015flatan\u0131n Suriye ordusu olmad\u0131\u011f\u0131n\u0131 vurgulad\u0131. El Esad Suriye ordusunun Suriye ve halk\u0131n\u0131 savunmada ulusal rol\u00fcn\u00fc ve g\u00f6revini ifa etti\u011finin alt\u0131n\u0131 \u00e7izdi.<\/p>\n<p>BMGK\u2019nin s\u00f6z konusu karar\u0131n\u0131n onaylanmadan \u00f6nce taslak halindeyken radikal ter\u00f6ristleri korumak i\u00e7in haz\u0131rland\u0131\u011f\u0131n\u0131 ifade eden el Esad; fakat daha sonra Suriye ve m\u00fcttefiklerinin yo\u011fun \u00e7abalar\u0131 sonucunda bu hali ald\u0131\u011f\u0131na dikkat \u00e7ekti. El Esad Suriye ordusunun \u015eam ve k\u0131rsal\u0131n\u0131 ter\u00f6rden kurtarmak i\u00e7in haz\u0131rl\u0131k yapt\u0131\u011f\u0131 s\u00fcre\u00e7te bu karar tasar\u0131s\u0131n\u0131n haz\u0131rland\u0131\u011f\u0131na dikkat \u00e7ekerken, ayn\u0131 s\u00fcre\u00e7 i\u00e7inde ter\u00f6r\u00fc destekleyen \u00fclkelerin Do\u011fu \u011euta\u2019da bulunan ter\u00f6ristlere \u015eam ve k\u0131rsal\u0131n\u0131 f\u00fcze ya\u011fmuruna tutma talimatlar\u0131 verdiklerini a\u00e7\u0131klad\u0131.<\/p>\n<p>El Esad ter\u00f6r\u00fc destekleyen \u00fclkelerin eski karardan bekledikleri sonucu almay\u0131nca ikinci bir karar tasar\u0131s\u0131 haz\u0131rlamaya ba\u015flad\u0131klar\u0131n\u0131, bu s\u00fcre\u00e7 i\u00e7inde de \u015eam ve k\u0131rsal\u0131nda sivillere kar\u015f\u0131 f\u00fcze sald\u0131r\u0131rlar\u0131n\u0131 t\u0131rmand\u0131rma talimatlar\u0131 verdiklerini s\u00f6yledi.<\/p>\n<p><span style=\"color: #0000ff\">Ter\u00f6re Kar\u015f\u0131 Her Ba\u015far\u0131da Bu Gibi Hamleler Y\u00fcr\u00fct\u00fcl\u00fcyor<\/span><\/p>\n<p>Suriye&#8217;nin ter\u00f6re kar\u015f\u0131 sava\u015f\u0131n\u0131n yeni ba\u015flamad\u0131\u011f\u0131n\u0131 ifade eden el Esad; daha \u00f6nce Halep, Homs, Deyrezzor ve daha ba\u015fka b\u00f6lgelerde oldu\u011fu gibi \u015fimdi de Do\u011fu \u011euta\u2019da ter\u00f6re kar\u015f\u0131 operasyonlar\u0131n sonuna dek s\u00fcrd\u00fcr\u00fclece\u011finin alt\u0131n\u0131 \u00e7izdi.<\/p>\n<p>El Esad Suriye&#8217;nin ter\u00f6re kar\u015f\u0131 her ba\u015far\u0131 kaydetti\u011fi s\u00fcre\u00e7lerde ter\u00f6r\u00fc destekleyip edat olarak kullanan taraflar\u0131n ter\u00f6ristleri korumak i\u00e7in Suriye h\u00fck\u00fcmeti ve ordusuna kar\u015f\u0131 b\u00fcy\u00fck hamleler ba\u015flatt\u0131klar\u0131n\u0131 vurgulad\u0131.<\/p>\n<p><span style=\"color: #0000ff\">Bat\u0131l\u0131lar\u0131n S\u00f6zl\u00fc\u011f\u00fcnde \u0130nsani Durum Nifakt\u0131r<\/span><\/p>\n<p><a href=\"https:\/\/www.sana.sy\/tr\/wp-content\/uploads\/2018\/03\/be\u015f\u015fer-el-Esad2.jpg\"><img loading=\"lazy\" decoding=\"async\" class=\"alignright wp-image-140101 size-medium\" src=\"https:\/\/www.sana.sy\/tr\/wp-content\/uploads\/2018\/03\/be\u015f\u015fer-el-Esad2-300x212.jpg\" alt=\"\" width=\"300\" height=\"212\" srcset=\"https:\/\/archive.sana.sy\/tr\/wp-content\/uploads\/2018\/03\/be\u015f\u015fer-el-Esad2-300x212.jpg 300w, https:\/\/archive.sana.sy\/tr\/wp-content\/uploads\/2018\/03\/be\u015f\u015fer-el-Esad2-150x106.jpg 150w, https:\/\/archive.sana.sy\/tr\/wp-content\/uploads\/2018\/03\/be\u015f\u015fer-el-Esad2-768x542.jpg 768w, https:\/\/archive.sana.sy\/tr\/wp-content\/uploads\/2018\/03\/be\u015f\u015fer-el-Esad2.jpg 960w\" sizes=\"auto, (max-width: 300px) 100vw, 300px\" \/><\/a>Cumhurba\u015fkan\u0131 el Esad Bat\u0131l\u0131lar\u0131n Suriye&#8217;de insani durumlardan s\u00f6z etmelerinin mant\u0131ken tek bir a\u00e7\u0131klamas\u0131 ve anlam\u0131 oldu\u011funa dikkat \u00e7ekerken, bunun da Suriye ordusunun ter\u00f6re kar\u015f\u0131 \u00f6nemli ba\u015far\u0131lar kaydetti\u011fi ve ter\u00f6ristleri a\u011f\u0131r kay\u0131plara u\u011fratt\u0131\u011f\u0131 anlam\u0131na geldi\u011fini belirtti.<\/p>\n<p>Bat\u0131l\u0131 yetkililerin insani durumlardan s\u00f6z etmelerinin ucuz yalanlardan ba\u015fka bir \u015fey olmad\u0131\u011f\u0131n\u0131n alt\u0131n\u0131 \u00e7izen el Esad; Bat\u0131l\u0131 devletlerin tarihte hi\u00e7bir zaman b\u00f6lgede insani durumlarla ilgilenmediklerini belirtti. El Esad s\u00f6m\u00fcr\u00fc d\u00f6nemlerine ilaveten ikinci d\u00fcnya sava\u015f\u0131nda ya da Irak ve Kore sava\u015f\u0131nda milyonlarda masum sivil insan\u0131n \u00f6ld\u00fcr\u00fclmelerinin Bat\u0131l\u0131lar\u0131n insani durumlar konusundaki nifaklar\u0131n\u0131 net bir \u015fekilde ortaya koydu\u011funu ifade etti.<\/p>\n<p><span style=\"color: #0000ff\">ABD Koalisyonu I\u015e\u0130D Koalisyonudur<\/span><\/p>\n<p>ABD komutas\u0131ndaki uluslar aras\u0131 koalisyon konusunda ise el Esad; bu koalisyonun tamamen I\u015e\u0130D\u2019li oldu\u011funu vurgularken, I\u015e\u0130D, Nusra Cephesi ve di\u011fer ter\u00f6r \u00f6rg\u00fctleri destekleyen uluslar aras\u0131 bir g\u00fc\u00e7 oldu\u011funu belirtti. El Esad s\u00f6z konusu uluslar aras\u0131 koalisyonun I\u015e\u0130D\u2019i vurmak yerine I\u015e\u0130D\u2019e kar\u015f\u0131 en etkin sava\u015f\u0131 veren Suriye ordusunu bir\u00e7ok kez hedef ald\u0131\u011f\u0131n\u0131 kaydetti.<\/p>\n<p>ABD koalisyonunun sadece \u015eubat ay\u0131nda sivil vatanda\u015flara kar\u015f\u0131 d\u00f6rt katliamda bulundu\u011funa i\u015faret eden el Esad; bu g\u00fc\u00e7lerin I\u015e\u0130D\u2019e kar\u015f\u0131 sava\u015f bahanesi alt\u0131nda Deyrezzor, Rakka ve Haseke illerinde insanl\u0131\u011fa kar\u015f\u0131 i\u015fledikleri su\u00e7lara vurgu yapt\u0131.<\/p>\n<p><span style=\"color: #0000ff\">Do\u011fu \u011euta\u2019daki Sivillerin \u00c7o\u011fu Devletin Kontrol\u00fc Alt\u0131ndaki B\u00f6lgelere \u00c7\u0131kmak \u0130stiyor<\/span><\/p>\n<p>\u015eam k\u0131rsal\u0131 Do\u011fu \u011euta\u2019da bulunan sivil vatanda\u015flar\u0131n b\u00fcy\u00fck \u00e7o\u011funlu\u011funun ter\u00f6ristlerden kurtulma ve devletin kuca\u011f\u0131na d\u00f6nmek istediklerine dikkat \u00e7eken el Esad; dolay\u0131s\u0131yla Do\u011fu \u011euta\u2019da ter\u00f6re kar\u015f\u0131 operasyonlar\u0131n kararl\u0131l\u0131kla devam edece\u011fini vurgulad\u0131. El Esad fakat Do\u011fu \u011euta\u2019da ter\u00f6r\u00fc yok etme operasyonlar\u0131na e\u015f zamanl\u0131 olarak orada bulunan sivil vatanda\u015flar\u0131n tahliyesi i\u00e7in gereken her gayretin g\u00f6sterilece\u011finin de alt\u0131n\u0131 \u00e7izdi.<\/p>\n<p><span style=\"color: #0000ff\">Kimyasal Silah Bahanedir<\/span><\/p>\n<p>Kimyasal silah meselesinin Bat\u0131l\u0131lar\u0131n yalan dolan s\u00f6zl\u00fc\u011f\u00fcn\u00fcn temel terimlerinden biri haline geldi\u011fini belirten el Esad; bu yalan ve as\u0131ls\u0131z iddialar\u0131n ter\u00f6r\u00fc a\u011f\u0131r yenilgiye u\u011fratan Suriye ordusuna sald\u0131r\u0131da bulunmak i\u00e7in bahane olarak kullan\u0131ld\u0131\u011f\u0131n\u0131 kaydetti.<\/p>\n<p><a href=\"https:\/\/www.sana.sy\/tr\/wp-content\/uploads\/2018\/03\/1-43.jpg\"><img loading=\"lazy\" decoding=\"async\" class=\"alignright wp-image-140104 size-medium\" src=\"https:\/\/www.sana.sy\/tr\/wp-content\/uploads\/2018\/03\/1-43-300x205.jpg\" alt=\"\" width=\"300\" height=\"205\" srcset=\"https:\/\/archive.sana.sy\/tr\/wp-content\/uploads\/2018\/03\/1-43-300x205.jpg 300w, https:\/\/archive.sana.sy\/tr\/wp-content\/uploads\/2018\/03\/1-43-150x103.jpg 150w, https:\/\/archive.sana.sy\/tr\/wp-content\/uploads\/2018\/03\/1-43-768x526.jpg 768w, https:\/\/archive.sana.sy\/tr\/wp-content\/uploads\/2018\/03\/1-43-1024x701.jpg 1024w, https:\/\/archive.sana.sy\/tr\/wp-content\/uploads\/2018\/03\/1-43-110x75.jpg 110w\" sizes=\"auto, (max-width: 300px) 100vw, 300px\" \/><\/a>Ter\u00f6r\u00fc destekleyen taraflar\u0131n kimyasal silah su\u00e7lamalar\u0131na ilk kez 2012 y\u0131l\u0131nda ba\u015flad\u0131klar\u0131na dikkat \u00e7eken el Esad; Suriye&#8217;nin kimyasal silahlara sahip oldu\u011fu zamanda ya da kimyasal silah tersanesini yok etmesinden sonraki zamanda kesinlikle hi\u00e7bir yerde ve hi\u00e7bir zamanda kimyasal silah kullanmad\u0131\u011f\u0131n\u0131n alt\u0131n\u0131 \u00e7izdi. El Esad kimyasal silahlar\u0131n kitle imha silahlar\u0131 oldu\u011funu, kullan\u0131lmas\u0131 halinde de \u00e7ok say\u0131da ki\u015finin \u00f6lece\u011fine dikkat \u00e7ekerken, fakat \u015fu ana dek b\u00f6yle bir durumun olmad\u0131\u011f\u0131n\u0131 belirtti. El Esad Suriye&#8217;nin kimyasal silah kullanmas\u0131 i\u00e7in hi\u00e7bir gereklilik duymad\u0131\u011f\u0131n\u0131, ter\u00f6re kar\u015f\u0131 zaferlerinin de bunu kan\u0131tlad\u0131\u011f\u0131n\u0131 s\u00f6yledi. Kimyasal silah kullan\u0131m\u0131n\u0131n ter\u00f6r \u00f6rg\u00fctleri ve destek\u00e7ilerine g\u00fc\u00e7l\u00fc bir koz verece\u011fine i\u015faret eden el Esad; bunu yapman\u0131n da mant\u0131kl\u0131 olmad\u0131\u011f\u0131n\u0131 kaydetti.<\/p>\n<p><span style=\"color: #0000ff\">Kimyasal Silah Su\u00e7lamalar\u0131 Yapanlar Kendi \u0130ddialar\u0131n\u0131 Kendileri \u00c7\u00fcr\u00fct\u00fcyor<\/span><\/p>\n<p>S\u00f6zlerine devam eden el Esad Suriye&#8217;nin 2013 y\u0131l\u0131nda t\u00fcm kimyasal silah tersanesinden vazge\u00e7ti\u011fini; bu konuda ilgili uluslar aras\u0131 \u00f6rg\u00fct ve kurumlar\u0131n da bundan emin olup net bir \u015fekilde ifade ettiklerinin alt\u0131n\u0131 \u00e7izdi.<\/p>\n<p>Buna ilaveten kimyasal silah su\u00e7lamalar\u0131nda bulunan yetkililerin bizzat kendilerinin ellerinde kan\u0131t olmad\u0131\u011f\u0131n\u0131 itiraf ettiklerine dikkat \u00e7eken el Esad; t\u00fcm bunlar\u0131n yalan dolan olmas\u0131yla kendi kendilerinin iddialar\u0131n\u0131 \u00e7\u00fcr\u00fctt\u00fcklerini ve birbiriyle \u00e7eli\u015ftiklerini ifade etti.<\/p>\n<p>T\u00fcm bunlar\u0131n Suriye&#8217;ye askeri sald\u0131r\u0131da bulunmak i\u00e7in bahane olarak kullan\u0131ld\u0131\u011f\u0131n\u0131 belirten el Esad; Suriye&#8217;nin bir sava\u015f s\u00fcrecinde oldu\u011funu, dolay\u0131s\u0131yla her \u015feyi ciddiye almas\u0131n\u0131n da gayet do\u011fal oldu\u011funu kaydetti. El Esad \u00f6yle ki Bat\u0131l\u0131 devletler ve m\u00fcttefiklerinin Suriye&#8217;de olaylar\u0131n ilk ba\u015f\u0131ndan beri Suriye&#8217;ye kar\u015f\u0131 kapsaml\u0131 bir sava\u015f ba\u015flatmak i\u00e7in bahane arad\u0131\u011f\u0131na da dikkat \u00e7ekti.<\/p>\n<p>Cumhurba\u015fkan\u0131 el Esad her \u015feye ra\u011fmen bu gibi bahane ve aldatmalar\u0131n ge\u00e7i\u015ftirilmesinin m\u00fcmk\u00fcn olmad\u0131\u011f\u0131n\u0131 da vurgulad\u0131.<\/p>\n<p><span style=\"color: #0000ff\">Oyun Art\u0131k A\u00e7\u0131k Bir \u015eekilde Oynan\u0131yor<\/span><\/p>\n<p><a href=\"https:\/\/www.sana.sy\/tr\/wp-content\/uploads\/2018\/03\/2-15.jpg\"><img loading=\"lazy\" decoding=\"async\" class=\"alignright wp-image-140105 size-medium\" src=\"https:\/\/www.sana.sy\/tr\/wp-content\/uploads\/2018\/03\/2-15-300x200.jpg\" alt=\"\" width=\"300\" height=\"200\" srcset=\"https:\/\/archive.sana.sy\/tr\/wp-content\/uploads\/2018\/03\/2-15-300x200.jpg 300w, https:\/\/archive.sana.sy\/tr\/wp-content\/uploads\/2018\/03\/2-15-150x100.jpg 150w, https:\/\/archive.sana.sy\/tr\/wp-content\/uploads\/2018\/03\/2-15-768x512.jpg 768w, https:\/\/archive.sana.sy\/tr\/wp-content\/uploads\/2018\/03\/2-15-1024x683.jpg 1024w\" sizes=\"auto, (max-width: 300px) 100vw, 300px\" \/><\/a>Suriye ve halk\u0131na kar\u015f\u0131 sava\u015f\u0131n art\u0131k ilk ba\u015fta oldu\u011fu gibi gizliden y\u00fcr\u00fct\u00fclmedi\u011fine i\u015faret eden el Esad; ter\u00f6r\u00fc destekleyen devletlerin art\u0131k aleni bir \u015fekilde I\u015e\u0130D, Nusra Cephesi ve di\u011fer ter\u00f6r \u00f6rg\u00fctleri desteklediklerini belirtti. El Esad Suriye&#8217;nin ter\u00f6re kar\u015f\u0131 zaferleri ve d\u00fc\u015fmanc\u0131 planlar\u0131 \u00e7\u00f6kertmesi ard\u0131ndan herkesin aleni bir \u015fekilde rol\u00fcn\u00fc oynad\u0131\u011f\u0131n\u0131 ifade etti.<\/p>\n<p>Dolay\u0131s\u0131yla ter\u00f6r\u00fc destekleyenlerin sivillerin ABD koalisyonu ya da ter\u00f6ristler taraf\u0131ndan hedef al\u0131nmas\u0131n\u0131 k\u0131namalar\u0131n\u0131n beklenmedi\u011fini ifade eden el Esad; radikal ter\u00f6r\u00fc destekleyen bu taraflardan insani ya da ahlaki bir tutum sergilemeleri, ya da uluslar aras\u0131 kanunlar\u0131 umursamalar\u0131n\u0131 beklemenin do\u011fru olmayaca\u011f\u0131n\u0131n alt\u0131n\u0131 \u00e7izdi.<\/p>\n<p><span style=\"color: #0000ff\">Afrin\u2019e Sald\u0131r\u0131n\u0131n Ba\u015fka Hi\u00e7bir Anlam\u0131 Yoktur<\/span><\/p>\n<p>T\u00fcrkiye rejiminin Halep k\u0131rsal\u0131n\u0131n kuzeyi Afrin\u2019e sald\u0131r\u0131s\u0131na ili\u015fkin soruya cevab\u0131nda ise el Esad; bunun d\u00fc\u015fmanc\u0131 bir sald\u0131r\u0131 haricinde hi\u00e7bir \u015fekilde nitelendirilmesinin m\u00fcmk\u00fcn olmad\u0131\u011f\u0131n\u0131n alt\u0131n\u0131 \u00e7izdi.<\/p>\n<p>S\u00f6zlerine devam eden el Esad bu sald\u0131r\u0131n\u0131n T\u00fcrkiye&#8217;nin Suriye&#8217;ye sald\u0131r\u0131s\u0131ndan \u00f6te bir \u015fey oldu\u011funu belirten el Esad; Erdo\u011fan\u2019\u0131n Suriye&#8217;de krizin ilk ba\u015f\u0131ndan beri ger\u00e7ekle\u015ftirmeye \u00e7al\u0131\u015ft\u0131\u011f\u0131 \u2018azledilmi\u015f b\u00f6lge\u2019 plan\u0131n\u0131 hayata ge\u00e7irmeyi ama\u00e7lad\u0131\u011f\u0131n\u0131 vurgulad\u0131. El Esad Erdo\u011fan\u2019\u0131n b\u00f6ylelikle komutas\u0131 alt\u0131nda bulunan ve destekleyip y\u00f6nlendirdi\u011fi ter\u00f6ristler i\u00e7in g\u00fcvenli bir b\u00f6lge temin etmeyi ama\u00e7lad\u0131\u011f\u0131n\u0131, bu b\u00f6lgeyi de daha sonra kendisine tabi ter\u00f6ristlerin Suriye ordusu, Suriye devleti ve Suriye halk\u0131na kar\u015f\u0131 sald\u0131r\u0131lar\u0131nda hareket noktas\u0131 haline getirmeyi planlad\u0131\u011f\u0131n\u0131 kaydetti.<br \/>\n<span style=\"color: #0000ff\">Erdo\u011fan Afrin\u2019i Ter\u00f6ristlerin Hareket Noktas\u0131 Haline Getirmeyi Planl\u0131yor<\/span><\/p>\n<p>Cumhurba\u015fkan\u0131 el Esad fakat ABD\u2019nin daha \u00f6nce Erdo\u011fan\u2019a bu konuda izin vermedi\u011fini belirtirken, Erdo\u011fan\u2019\u0131n daha \u00f6nce her a\u00e7\u0131klamas\u0131nda ve her m\u00fcnasebette bu konuda da ABD\u2019den yard\u0131m ve destek istedi\u011fine dikkat \u00e7ekti. \u00c7\u00fcnk\u00fc daha \u00f6nce ABD ve m\u00fcttefiklerinin \u2018\u00d6SO\u2019 ad\u0131yla bilinen gruplara g\u00fcvendiklerini ifade eden el Esad; fakat Homs Kenti, Halep ve daha ba\u015fka b\u00f6lgelerin ter\u00f6rden kurtar\u0131lmas\u0131 ard\u0131ndan ABD ve m\u00fcttefiklerinin her t\u00fcrl\u00fc deste\u011fi temin ettikleri \u2018\u00d6SO\u2019ya g\u00fcvenleri sars\u0131ld\u0131\u011f\u0131n\u0131 ve T\u00fcrkiye rol\u00fcn\u00fcn \u00f6nem kazand\u0131\u011f\u0131n\u0131 kaydetti. Bundan sonraki s\u00fcre\u00e7te T\u00fcrkiye\u2019nin ter\u00f6r \u00f6rg\u00fctlerle rol\u00fcne bel ba\u011flad\u0131klar\u0131n\u0131 ifade eden el Esad; fakat Deyrezzor Kentinin I\u015e\u0130D\u2019ten kurtar\u0131lmas\u0131 ard\u0131ndan T\u00fcrkiye&#8217;nin direk askeri m\u00fcdahalesinin bat\u0131l\u0131lara g\u00f6re zorunluluk kazand\u0131\u011f\u0131na i\u015faret etti.<\/p>\n<p>Bat\u0131l\u0131lara g\u00f6re Suriye ve m\u00fcttefiklerinin ter\u00f6r\u00fc yenmelerinin kabul edilemez bir durum oldu\u011funu ifade eden el Esad; T\u00fcrkiye\u2019nin Afrin\u2019e sald\u0131r\u0131s\u0131n\u0131n da bu ama\u00e7ta geldi\u011fini kaydetti. El Esad bu konuda K\u00fcrtlerin \u00f6ne s\u00fcr\u00fclmesinin sadece bir bahane oldu\u011funu, meselenin temelde K\u00fcrtlerle ilgisi olmad\u0131\u011f\u0131n\u0131 belirtirken, Erdo\u011fan\u2019\u0131n \u2018g\u00fcvenli b\u00f6lge\u2019 meselesini ilk g\u00fcndeme getirdi\u011finde K\u00fcrt meselesinin hi\u00e7bir \u015fekilde g\u00fcndeme getirilmedi\u011fine dikkat \u00e7ekti. Erdo\u011fan\u2019\u0131n K\u00fcrt meselesini Suriye&#8217;nin do\u011fusunda hi\u00e7bir \u015fekilde dile getirmedi\u011fine dikkat \u00e7eken el Esad; bunun da yalan dolan\u0131na kan\u0131t oldu\u011funu ifade etti.<\/p>\n<p>Halk g\u00fc\u00e7lerinin Afrin\u2019e girmelerinin gayet normal oldu\u011funu belirten el Esad; herhangi bir d\u0131\u015f sald\u0131r\u0131 oldu\u011funda toplumun muhtelif kesimlerinin d\u0131\u015f d\u00fc\u015fmana kar\u015f\u0131 bir olmalar\u0131n\u0131n gayet do\u011fal ve me\u015fru oldu\u011funu s\u00f6yledi.<\/p>\n<p>K.\u00d6.<\/p>\n<p>https:\/\/www.youtube.com\/watch?v=ilqa-BirVd8<\/p>\n<p>&nbsp;<\/p>\n","protected":false},"excerpt":{"rendered":"<p>\u015eAM \u2013 Cumhurba\u015fkan\u0131 Be\u015f\u015far el Esad bas\u0131n mensuplar\u0131na yapt\u0131\u011f\u0131 a\u00e7\u0131klamalarda; insani ba\u015fl\u0131klar alt\u0131nda Suriye&#8217;ye kar\u015f\u0131 y\u00fcr\u00fct\u00fclen siyasi ve medyatik hamlenin; a\u011f\u0131r yenilgiye u\u011frat\u0131lan ter\u00f6r ve ter\u00f6ristleri yeniden g\u00fc\u00e7lendirme amac\u0131 ta\u015f\u0131d\u0131\u011f\u0131n\u0131 vurgulad\u0131. Ziyaretlerin Yo\u011funla\u015fmas\u0131 Gayet Do\u011fald\u0131r Son s\u00fcre\u00e7 i\u00e7inde \u0130ranl\u0131 heyetler dahil Suriye&#8217;ye artan ziyaret\u00e7i heyetlere ili\u015fkin soruya cevab\u0131nda el Esad; Suriye ve halk\u0131na kar\u015f\u0131 bu &hellip;<\/p>\n","protected":false},"author":1,"featured_media":140096,"comment_status":"closed","ping_status":"closed","sticky":false,"template":"","format":"standard","meta":{"footnotes":""},"categories":[608,479,611,605,17988,2554,2555,478],"tags":[4096,16402,17322,2755,16591,22181],"class_list":["post-140094","post","type-post","status-publish","format-standard","has-post-thumbnail","","category-etkinlikler","category-haberler-yerel","category-roportaj","category-sayin-cumhurbaskani","category-son-haberler","category-suriye-ve-dunya","category-suriye-ve-turkiye","category-yerel","tag-afrin","tag-cumhurbaskani-bessar-el-esad","tag-dogu-guta","tag-sam","tag-suriye","tag-suriyeliler"],"_links":{"self":[{"href":"https:\/\/archive.sana.sy\/tr\/index.php?rest_route=\/wp\/v2\/posts\/140094","targetHints":{"allow":["GET"]}}],"collection":[{"href":"https:\/\/archive.sana.sy\/tr\/index.php?rest_route=\/wp\/v2\/posts"}],"about":[{"href":"https:\/\/archive.sana.sy\/tr\/index.php?rest_route=\/wp\/v2\/types\/post"}],"author":[{"embeddable":true,"href":"https:\/\/archive.sana.sy\/tr\/index.php?rest_route=\/wp\/v2\/users\/1"}],"replies":[{"embeddable":true,"href":"https:\/\/archive.sana.sy\/tr\/index.php?rest_route=%2Fwp%2Fv2%2Fcomments&post=140094"}],"version-history":[{"count":0,"href":"https:\/\/archive.sana.sy\/tr\/index.php?rest_route=\/wp\/v2\/posts\/140094\/revisions"}],"wp:featuredmedia":[{"embeddable":true,"href":"https:\/\/archive.sana.sy\/tr\/index.php?rest_route=\/wp\/v2\/media\/140096"}],"wp:attachment":[{"href":"https:\/\/archive.sana.sy\/tr\/index.php?rest_route=%2Fwp%2Fv2%2Fmedia&parent=140094"}],"wp:term":[{"taxonomy":"category","embeddable":true,"href":"https:\/\/archive.sana.sy\/tr\/index.php?rest_route=%2Fwp%2Fv2%2Fcategories&post=140094"},{"taxonomy":"post_tag","embeddable":true,"href":"https:\/\/archive.sana.sy\/tr\/index.php?rest_route=%2Fwp%2Fv2%2Ftags&post=140094"}],"curies":[{"name":"wp","href":"https:\/\/api.w.org\/{rel}","templated":true}]}}