{"id":140098,"date":"2018-03-04T20:56:59","date_gmt":"2018-03-04T18:56:59","guid":{"rendered":"https:\/\/www.sana.sy\/tr\/?p=140098"},"modified":"2018-03-04T20:56:59","modified_gmt":"2018-03-04T18:56:59","slug":"abd-komutasindaki-uluslar-arasi-koalisyon-konusunda-ise-el-esad-bu-koalisyonun-tamamen-isidli-oldugunu-vurgularken-isid-nusra-cephesi-ve-diger-teror-orgutleri-destekleyen-uluslar-arasi-bir","status":"publish","type":"post","link":"https:\/\/archive.sana.sy\/tr\/?p=140098","title":{"rendered":"ABD komutas\u0131ndaki uluslar aras\u0131 koalisyon konusunda ise el Esad; bu koalisyonun tamamen I\u015e\u0130D\u2019li oldu\u011funu vurgularken, I\u015e\u0130D, Nusra Cephesi ve di\u011fer ter\u00f6r \u00f6rg\u00fctleri destekleyen uluslar aras\u0131 bir g\u00fc\u00e7 oldu\u011funu belirtti."},"content":{"rendered":"<p>ABD komutas\u0131ndaki uluslar aras\u0131 koalisyon konusunda ise el Esad; bu koalisyonun tamamen I\u015e\u0130D\u2019li oldu\u011funu vurgularken, I\u015e\u0130D, Nusra Cephesi ve di\u011fer ter\u00f6r \u00f6rg\u00fctleri destekleyen uluslar aras\u0131 bir g\u00fc\u00e7 oldu\u011funu belirtti.<\/p>\n","protected":false},"excerpt":{"rendered":"<p>ABD komutas\u0131ndaki uluslar aras\u0131 koalisyon konusunda ise el Esad; bu koalisyonun tamamen I\u015e\u0130D\u2019li oldu\u011funu vurgularken, I\u015e\u0130D, Nusra Cephesi ve di\u011fer ter\u00f6r \u00f6rg\u00fctleri destekleyen uluslar aras\u0131 bir g\u00fc\u00e7 oldu\u011funu belirtti.<\/p>\n","protected":false},"author":1,"featured_media":0,"comment_status":"closed","ping_status":"closed","sticky":false,"template":"","format":"standard","meta":{"footnotes":""},"categories":[17991],"tags":[],"class_list":["post-140098","post","type-post","status-publish","format-standard","","category-son-dakika"],"_links":{"self":[{"href":"https:\/\/archive.sana.sy\/tr\/index.php?rest_route=\/wp\/v2\/posts\/140098","targetHints":{"allow":["GET"]}}],"collection":[{"href":"https:\/\/archive.sana.sy\/tr\/index.php?rest_route=\/wp\/v2\/posts"}],"about":[{"href":"https:\/\/archive.sana.sy\/tr\/index.php?rest_route=\/wp\/v2\/types\/post"}],"author":[{"embeddable":true,"href":"https:\/\/archive.sana.sy\/tr\/index.php?rest_route=\/wp\/v2\/users\/1"}],"replies":[{"embeddable":true,"href":"https:\/\/archive.sana.sy\/tr\/index.php?rest_route=%2Fwp%2Fv2%2Fcomments&post=140098"}],"version-history":[{"count":0,"href":"https:\/\/archive.sana.sy\/tr\/index.php?rest_route=\/wp\/v2\/posts\/140098\/revisions"}],"wp:attachment":[{"href":"https:\/\/archive.sana.sy\/tr\/index.php?rest_route=%2Fwp%2Fv2%2Fmedia&parent=140098"}],"wp:term":[{"taxonomy":"category","embeddable":true,"href":"https:\/\/archive.sana.sy\/tr\/index.php?rest_route=%2Fwp%2Fv2%2Fcategories&post=140098"},{"taxonomy":"post_tag","embeddable":true,"href":"https:\/\/archive.sana.sy\/tr\/index.php?rest_route=%2Fwp%2Fv2%2Ftags&post=140098"}],"curies":[{"name":"wp","href":"https:\/\/api.w.org\/{rel}","templated":true}]}}