{"id":140102,"date":"2018-03-04T20:59:43","date_gmt":"2018-03-04T18:59:43","guid":{"rendered":"https:\/\/www.sana.sy\/tr\/?p=140102"},"modified":"2018-03-04T20:59:43","modified_gmt":"2018-03-04T18:59:43","slug":"halep-kirsalinin-kuzeyi-afrin-kentine-halk-guclerinin-girmesinin-gayet-normal-oldugunu-belirten-el-esad-herhangi-bir-dis-saldiri-oldugunda-toplumun-muhtelif-kesimlerinin-dis-dusmana-karsi-bir-olmalar","status":"publish","type":"post","link":"https:\/\/archive.sana.sy\/tr\/?p=140102","title":{"rendered":"Halep k\u0131rsal\u0131n\u0131n kuzeyi Afrin Kentine halk g\u00fc\u00e7lerinin girmesinin gayet normal oldu\u011funu belirten el Esad; herhangi bir d\u0131\u015f sald\u0131r\u0131 oldu\u011funda toplumun muhtelif kesimlerinin d\u0131\u015f d\u00fc\u015fmana kar\u015f\u0131 bir olmalar\u0131n\u0131n gayet do\u011fal ve me\u015fru oldu\u011funu s\u00f6yledi."},"content":{"rendered":"<p>Halep k\u0131rsal\u0131n\u0131n kuzeyi Afrin Kentine halk g\u00fc\u00e7lerinin girmesinin gayet normal oldu\u011funu belirten el Esad; herhangi bir d\u0131\u015f sald\u0131r\u0131 oldu\u011funda toplumun muhtelif kesimlerinin d\u0131\u015f d\u00fc\u015fmana kar\u015f\u0131 bir olmalar\u0131n\u0131n gayet do\u011fal ve me\u015fru oldu\u011funu s\u00f6yledi.<\/p>\n","protected":false},"excerpt":{"rendered":"<p>Halep k\u0131rsal\u0131n\u0131n kuzeyi Afrin Kentine halk g\u00fc\u00e7lerinin girmesinin gayet normal oldu\u011funu belirten el Esad; herhangi bir d\u0131\u015f sald\u0131r\u0131 oldu\u011funda toplumun muhtelif kesimlerinin d\u0131\u015f d\u00fc\u015fmana kar\u015f\u0131 bir olmalar\u0131n\u0131n gayet do\u011fal ve me\u015fru oldu\u011funu s\u00f6yledi.<\/p>\n","protected":false},"author":1,"featured_media":0,"comment_status":"closed","ping_status":"closed","sticky":false,"template":"","format":"standard","meta":{"footnotes":""},"categories":[17991],"tags":[],"class_list":["post-140102","post","type-post","status-publish","format-standard","","category-son-dakika"],"_links":{"self":[{"href":"https:\/\/archive.sana.sy\/tr\/index.php?rest_route=\/wp\/v2\/posts\/140102","targetHints":{"allow":["GET"]}}],"collection":[{"href":"https:\/\/archive.sana.sy\/tr\/index.php?rest_route=\/wp\/v2\/posts"}],"about":[{"href":"https:\/\/archive.sana.sy\/tr\/index.php?rest_route=\/wp\/v2\/types\/post"}],"author":[{"embeddable":true,"href":"https:\/\/archive.sana.sy\/tr\/index.php?rest_route=\/wp\/v2\/users\/1"}],"replies":[{"embeddable":true,"href":"https:\/\/archive.sana.sy\/tr\/index.php?rest_route=%2Fwp%2Fv2%2Fcomments&post=140102"}],"version-history":[{"count":0,"href":"https:\/\/archive.sana.sy\/tr\/index.php?rest_route=\/wp\/v2\/posts\/140102\/revisions"}],"wp:attachment":[{"href":"https:\/\/archive.sana.sy\/tr\/index.php?rest_route=%2Fwp%2Fv2%2Fmedia&parent=140102"}],"wp:term":[{"taxonomy":"category","embeddable":true,"href":"https:\/\/archive.sana.sy\/tr\/index.php?rest_route=%2Fwp%2Fv2%2Fcategories&post=140102"},{"taxonomy":"post_tag","embeddable":true,"href":"https:\/\/archive.sana.sy\/tr\/index.php?rest_route=%2Fwp%2Fv2%2Ftags&post=140102"}],"curies":[{"name":"wp","href":"https:\/\/api.w.org\/{rel}","templated":true}]}}