{"id":140493,"date":"2018-03-10T12:16:32","date_gmt":"2018-03-10T10:16:32","guid":{"rendered":"https:\/\/www.sana.sy\/tr\/?p=140493"},"modified":"2018-03-10T12:16:32","modified_gmt":"2018-03-10T10:16:32","slug":"sana-muhabiri-sam-kirsali-dogu-gutada-radikal-teroristlerin-insani-mola-esnasinda-cisrin-mleyha-eksenindeki-ikinci-insani-koridordan-cikmaya-calisan-sivillere-ates-acmalari-sonucund","status":"publish","type":"post","link":"https:\/\/archive.sana.sy\/tr\/?p=140493","title":{"rendered":"SANA muhabiri \u015eam k\u0131rsal\u0131 Do\u011fu \u011euta\u2019da radikal ter\u00f6ristlerin insani mola esnas\u0131nda Cisrin \u2013 Mleyha eksenindeki ikinci insani koridordan \u00e7\u0131kmaya \u00e7al\u0131\u015fan sivillere ate\u015f a\u00e7malar\u0131 sonucunda 1 kad\u0131n ve 3 \u00e7ocu\u011fun \u015fehit d\u00fc\u015ft\u00fcklerini belirtti"},"content":{"rendered":"<p>SANA muhabiri \u015eam k\u0131rsal\u0131 Do\u011fu \u011euta\u2019da radikal ter\u00f6ristlerin insani mola esnas\u0131nda Cisrin \u2013 Mleyha eksenindeki ikinci insani koridordan \u00e7\u0131kmaya \u00e7al\u0131\u015fan sivillere ate\u015f a\u00e7malar\u0131 sonucunda 1 kad\u0131n ve 3 \u00e7ocu\u011fun \u015fehit d\u00fc\u015ft\u00fcklerini belirtti<\/p>\n","protected":false},"excerpt":{"rendered":"<p>SANA muhabiri \u015eam k\u0131rsal\u0131 Do\u011fu \u011euta\u2019da radikal ter\u00f6ristlerin insani mola esnas\u0131nda Cisrin \u2013 Mleyha eksenindeki ikinci insani koridordan \u00e7\u0131kmaya \u00e7al\u0131\u015fan sivillere ate\u015f a\u00e7malar\u0131 sonucunda 1 kad\u0131n ve 3 \u00e7ocu\u011fun \u015fehit d\u00fc\u015ft\u00fcklerini belirtti<\/p>\n","protected":false},"author":1,"featured_media":0,"comment_status":"closed","ping_status":"closed","sticky":false,"template":"","format":"standard","meta":{"footnotes":""},"categories":[17991],"tags":[],"class_list":["post-140493","post","type-post","status-publish","format-standard","","category-son-dakika"],"_links":{"self":[{"href":"https:\/\/archive.sana.sy\/tr\/index.php?rest_route=\/wp\/v2\/posts\/140493","targetHints":{"allow":["GET"]}}],"collection":[{"href":"https:\/\/archive.sana.sy\/tr\/index.php?rest_route=\/wp\/v2\/posts"}],"about":[{"href":"https:\/\/archive.sana.sy\/tr\/index.php?rest_route=\/wp\/v2\/types\/post"}],"author":[{"embeddable":true,"href":"https:\/\/archive.sana.sy\/tr\/index.php?rest_route=\/wp\/v2\/users\/1"}],"replies":[{"embeddable":true,"href":"https:\/\/archive.sana.sy\/tr\/index.php?rest_route=%2Fwp%2Fv2%2Fcomments&post=140493"}],"version-history":[{"count":0,"href":"https:\/\/archive.sana.sy\/tr\/index.php?rest_route=\/wp\/v2\/posts\/140493\/revisions"}],"wp:attachment":[{"href":"https:\/\/archive.sana.sy\/tr\/index.php?rest_route=%2Fwp%2Fv2%2Fmedia&parent=140493"}],"wp:term":[{"taxonomy":"category","embeddable":true,"href":"https:\/\/archive.sana.sy\/tr\/index.php?rest_route=%2Fwp%2Fv2%2Fcategories&post=140493"},{"taxonomy":"post_tag","embeddable":true,"href":"https:\/\/archive.sana.sy\/tr\/index.php?rest_route=%2Fwp%2Fv2%2Ftags&post=140493"}],"curies":[{"name":"wp","href":"https:\/\/api.w.org\/{rel}","templated":true}]}}