{"id":140531,"date":"2018-03-10T12:14:48","date_gmt":"2018-03-10T10:14:48","guid":{"rendered":"https:\/\/www.sana.sy\/tr\/?p=140531"},"modified":"2018-03-11T09:32:04","modified_gmt":"2018-03-11T07:32:04","slug":"iskadinlari-sosyal-ve-ekonomik-bir-olgu-olusturdu","status":"publish","type":"post","link":"https:\/\/archive.sana.sy\/tr\/?p=140531","title":{"rendered":"\u0130\u015fkad\u0131nlar\u0131 Sosyal ve Ekonomik Bir Olgu Olu\u015fturdu"},"content":{"rendered":"<p>HALEP \u2013 Halep Ticaret Odas\u0131nda \u0130\u015fkad\u0131nlar\u0131 Komitesinin Halep Kalesi \u00f6n\u00fcnde organize etti\u011fi 10. Kad\u0131n ve Aile Festivali yo\u011fun bir ilgiyle devam ediyor.<\/p>\n<p>Festival organizat\u00f6rlerinden Hori K\u00f6\u015fkeriyan festivalin \u015fu ana dek 10 binden fazla ziyaret\u00e7iyi kar\u015f\u0131lad\u0131\u011f\u0131na i\u015faret ederken festivalde kad\u0131n ve ailelerin farkl\u0131 gereksinimlerini temin eden \u00fcr\u00fcnlerin yan\u0131 s\u0131ra folklor \u00fcr\u00fcnlerine odaklan\u0131ld\u0131\u011f\u0131na dikkat \u00e7ekti.<\/p>\n<p>Festival etkinlikleri kapsam\u0131nda Halep Ticaret Odas\u0131nda \u0130\u015fkad\u0131nlar\u0131 Komitesi ordu birliklerimizde \u015fehit ailelerinden bir\u00e7ok aileyi onurland\u0131rd\u0131.<\/p>\n<p>Ge\u00e7en Per\u015fembe g\u00fcn\u00fc faaliyetlerine ba\u015flayan festivalde geneli i\u015fkad\u0131nlar\u0131ndan olu\u015fan 180 kat\u0131l\u0131mc\u0131 sosyal ve ekonomik bir olgu te\u015fkil ediyor.<\/p>\n<div id='gallery-1' class='gallery galleryid-140531 gallery-columns-2 gallery-size-medium'><figure class='gallery-item'>\n\t\t\t<div class='gallery-icon landscape'>\n\t\t\t\t<a href='https:\/\/archive.sana.sy\/tr\/wp-content\/uploads\/2018\/03\/Halep-1.jpg-2-1.jpg'><img loading=\"lazy\" decoding=\"async\" width=\"300\" height=\"204\" src=\"https:\/\/archive.sana.sy\/tr\/wp-content\/uploads\/2018\/03\/Halep-1.jpg-2-1-300x204.jpg\" class=\"attachment-medium size-medium\" alt=\"\" srcset=\"https:\/\/archive.sana.sy\/tr\/wp-content\/uploads\/2018\/03\/Halep-1.jpg-2-1-300x204.jpg 300w, https:\/\/archive.sana.sy\/tr\/wp-content\/uploads\/2018\/03\/Halep-1.jpg-2-1-150x102.jpg 150w, https:\/\/archive.sana.sy\/tr\/wp-content\/uploads\/2018\/03\/Halep-1.jpg-2-1-110x75.jpg 110w, https:\/\/archive.sana.sy\/tr\/wp-content\/uploads\/2018\/03\/Halep-1.jpg-2-1.jpg 660w\" sizes=\"auto, (max-width: 300px) 100vw, 300px\" \/><\/a>\n\t\t\t<\/div><\/figure><figure class='gallery-item'>\n\t\t\t<div class='gallery-icon landscape'>\n\t\t\t\t<a href='https:\/\/archive.sana.sy\/tr\/wp-content\/uploads\/2018\/03\/Halep-1.jpg-1-1.jpg'><img loading=\"lazy\" decoding=\"async\" width=\"300\" height=\"191\" src=\"https:\/\/archive.sana.sy\/tr\/wp-content\/uploads\/2018\/03\/Halep-1.jpg-1-1-300x191.jpg\" class=\"attachment-medium size-medium\" alt=\"\" srcset=\"https:\/\/archive.sana.sy\/tr\/wp-content\/uploads\/2018\/03\/Halep-1.jpg-1-1-300x191.jpg 300w, https:\/\/archive.sana.sy\/tr\/wp-content\/uploads\/2018\/03\/Halep-1.jpg-1-1-150x96.jpg 150w, https:\/\/archive.sana.sy\/tr\/wp-content\/uploads\/2018\/03\/Halep-1.jpg-1-1.jpg 660w\" sizes=\"auto, (max-width: 300px) 100vw, 300px\" \/><\/a>\n\t\t\t<\/div><\/figure>\n\t\t<\/div>\n\n","protected":false},"excerpt":{"rendered":"<p>HALEP \u2013 Halep Ticaret Odas\u0131nda \u0130\u015fkad\u0131nlar\u0131 Komitesinin Halep Kalesi \u00f6n\u00fcnde organize etti\u011fi 10. Kad\u0131n ve Aile Festivali yo\u011fun bir ilgiyle devam ediyor. Festival organizat\u00f6rlerinden Hori K\u00f6\u015fkeriyan festivalin \u015fu ana dek 10 binden fazla ziyaret\u00e7iyi kar\u015f\u0131lad\u0131\u011f\u0131na i\u015faret ederken festivalde kad\u0131n ve ailelerin farkl\u0131 gereksinimlerini temin eden \u00fcr\u00fcnlerin yan\u0131 s\u0131ra folklor \u00fcr\u00fcnlerine odaklan\u0131ld\u0131\u011f\u0131na dikkat \u00e7ekti. Festival etkinlikleri &hellip;<\/p>\n","protected":false},"author":1,"featured_media":140538,"comment_status":"closed","ping_status":"closed","sticky":false,"template":"","format":"standard","meta":{"footnotes":""},"categories":[485,526,541,486,17988,525,538],"tags":[35332,35334,35331,35330,35333,3838],"class_list":["post-140531","post","type-post","status-publish","format-standard","has-post-thumbnail","","category-is-ve-sermaye","category-haber-ve-raporlar","category-haberler","category-haberler-is-ve-sermaye","category-son-haberler","category-toplum","category-yasam","tag-10-kadin-ve-aile-festivali","tag-180-katilimci","tag-halep-kalesi-onunde","tag-halep-ticaret-odasinda-iskadinlari-komitesi","tag-hori-koskeriyan","tag-sosyal"],"_links":{"self":[{"href":"https:\/\/archive.sana.sy\/tr\/index.php?rest_route=\/wp\/v2\/posts\/140531","targetHints":{"allow":["GET"]}}],"collection":[{"href":"https:\/\/archive.sana.sy\/tr\/index.php?rest_route=\/wp\/v2\/posts"}],"about":[{"href":"https:\/\/archive.sana.sy\/tr\/index.php?rest_route=\/wp\/v2\/types\/post"}],"author":[{"embeddable":true,"href":"https:\/\/archive.sana.sy\/tr\/index.php?rest_route=\/wp\/v2\/users\/1"}],"replies":[{"embeddable":true,"href":"https:\/\/archive.sana.sy\/tr\/index.php?rest_route=%2Fwp%2Fv2%2Fcomments&post=140531"}],"version-history":[{"count":0,"href":"https:\/\/archive.sana.sy\/tr\/index.php?rest_route=\/wp\/v2\/posts\/140531\/revisions"}],"wp:featuredmedia":[{"embeddable":true,"href":"https:\/\/archive.sana.sy\/tr\/index.php?rest_route=\/wp\/v2\/media\/140538"}],"wp:attachment":[{"href":"https:\/\/archive.sana.sy\/tr\/index.php?rest_route=%2Fwp%2Fv2%2Fmedia&parent=140531"}],"wp:term":[{"taxonomy":"category","embeddable":true,"href":"https:\/\/archive.sana.sy\/tr\/index.php?rest_route=%2Fwp%2Fv2%2Fcategories&post=140531"},{"taxonomy":"post_tag","embeddable":true,"href":"https:\/\/archive.sana.sy\/tr\/index.php?rest_route=%2Fwp%2Fv2%2Ftags&post=140531"}],"curies":[{"name":"wp","href":"https:\/\/api.w.org\/{rel}","templated":true}]}}