{"id":140948,"date":"2018-03-13T13:30:26","date_gmt":"2018-03-13T11:30:26","guid":{"rendered":"https:\/\/www.sana.sy\/tr\/?p=140948"},"modified":"2018-03-14T16:49:46","modified_gmt":"2018-03-14T14:49:46","slug":"farkli-devletlerden-karikaturistler-opera-merkezinde-bulustu-video","status":"publish","type":"post","link":"https:\/\/archive.sana.sy\/tr\/?p=140948","title":{"rendered":"Farkl\u0131 Devletlerden Karikat\u00fcristler Opera Merkezinde Bulu\u015ftu (video)"},"content":{"rendered":"<p>\u015eAM \u2013 D\u00fcnyan\u0131n 72 farkl\u0131 \u00fclkesinden 400 karikat\u00fcristin takdim ettikleri 1200 karikat\u00fcr tablosundan 61 tablo ba\u015fkent \u015eam\u2019daki Opera Merkezinde \u2018M\u00fczik Ya\u015famd\u0131r\u2019 slogan\u0131 alt\u0131nda d\u00fczenlenen 14. Uluslararas\u0131 Suriye Karikat\u00fcr Sergisi faaliyetlerine ba\u015flad\u0131.<\/p>\n<p><a href=\"https:\/\/www.sana.sy\/tr\/wp-content\/uploads\/2018\/03\/2-53.jpg\"><img loading=\"lazy\" decoding=\"async\" class=\"alignright wp-image-140963 size-medium\" src=\"https:\/\/www.sana.sy\/tr\/wp-content\/uploads\/2018\/03\/2-53-300x200.jpg\" alt=\"\" width=\"300\" height=\"200\" srcset=\"https:\/\/archive.sana.sy\/tr\/wp-content\/uploads\/2018\/03\/2-53-300x200.jpg 300w, https:\/\/archive.sana.sy\/tr\/wp-content\/uploads\/2018\/03\/2-53-150x100.jpg 150w, https:\/\/archive.sana.sy\/tr\/wp-content\/uploads\/2018\/03\/2-53-768x511.jpg 768w, https:\/\/archive.sana.sy\/tr\/wp-content\/uploads\/2018\/03\/2-53-1024x681.jpg 1024w\" sizes=\"auto, (max-width: 300px) 100vw, 300px\" \/><\/a>Sergi faaliyetleri kapsam\u0131nda m\u00fczi\u011fin halklar\u0131n ya\u015fam\u0131 ve kalk\u0131nmas\u0131ndaki yerine ilaveten m\u00fczi\u011fin tarihi ve geli\u015fim evrelerine \u0131\u015f\u0131k tutan k\u0131sa bir belgesel film g\u00f6sterisi yap\u0131ld\u0131.<\/p>\n<p>Fuarda d\u00fcnyan\u0131n muhtelif \u00fclkelerinden karikat\u00fcristlere \u00f6d\u00fcller da\u011f\u0131t\u0131ld\u0131.<\/p>\n<p>https:\/\/www.youtube.com\/watch?v=vgAkssmFsnk<\/p>\n","protected":false},"excerpt":{"rendered":"<p>\u015eAM \u2013 D\u00fcnyan\u0131n 72 farkl\u0131 \u00fclkesinden 400 karikat\u00fcristin takdim ettikleri 1200 karikat\u00fcr tablosundan 61 tablo ba\u015fkent \u015eam\u2019daki Opera Merkezinde \u2018M\u00fczik Ya\u015famd\u0131r\u2019 slogan\u0131 alt\u0131nda d\u00fczenlenen 14. Uluslararas\u0131 Suriye Karikat\u00fcr Sergisi faaliyetlerine ba\u015flad\u0131. Sergi faaliyetleri kapsam\u0131nda m\u00fczi\u011fin halklar\u0131n ya\u015fam\u0131 ve kalk\u0131nmas\u0131ndaki yerine ilaveten m\u00fczi\u011fin tarihi ve geli\u015fim evrelerine \u0131\u015f\u0131k tutan k\u0131sa bir belgesel film g\u00f6sterisi yap\u0131ld\u0131. Fuarda &hellip;<\/p>\n","protected":false},"author":1,"featured_media":140962,"comment_status":"closed","ping_status":"closed","sticky":false,"template":"","format":"standard","meta":{"footnotes":""},"categories":[516,479,511,17988,478],"tags":[35377,35380,35376,35378,35375,35379,32723,2755,16591],"class_list":["post-140948","post","type-post","status-publish","format-standard","has-post-thumbnail","","category-haberler-kultur-ve-sanat","category-haberler-yerel","category-kultur-ve-sanat","category-son-haberler","category-yerel","tag-1200-karikatur-tablosu","tag-14-uluslararasi-suriye-karikatur-sergisi","tag-400-karikaturistin","tag-61-tabl","tag-dunyanin-72-farkli-ulkesin","tag-muzik-yasamdir","tag-opera-merkezinde","tag-sam","tag-suriye"],"_links":{"self":[{"href":"https:\/\/archive.sana.sy\/tr\/index.php?rest_route=\/wp\/v2\/posts\/140948","targetHints":{"allow":["GET"]}}],"collection":[{"href":"https:\/\/archive.sana.sy\/tr\/index.php?rest_route=\/wp\/v2\/posts"}],"about":[{"href":"https:\/\/archive.sana.sy\/tr\/index.php?rest_route=\/wp\/v2\/types\/post"}],"author":[{"embeddable":true,"href":"https:\/\/archive.sana.sy\/tr\/index.php?rest_route=\/wp\/v2\/users\/1"}],"replies":[{"embeddable":true,"href":"https:\/\/archive.sana.sy\/tr\/index.php?rest_route=%2Fwp%2Fv2%2Fcomments&post=140948"}],"version-history":[{"count":0,"href":"https:\/\/archive.sana.sy\/tr\/index.php?rest_route=\/wp\/v2\/posts\/140948\/revisions"}],"wp:featuredmedia":[{"embeddable":true,"href":"https:\/\/archive.sana.sy\/tr\/index.php?rest_route=\/wp\/v2\/media\/140962"}],"wp:attachment":[{"href":"https:\/\/archive.sana.sy\/tr\/index.php?rest_route=%2Fwp%2Fv2%2Fmedia&parent=140948"}],"wp:term":[{"taxonomy":"category","embeddable":true,"href":"https:\/\/archive.sana.sy\/tr\/index.php?rest_route=%2Fwp%2Fv2%2Fcategories&post=140948"},{"taxonomy":"post_tag","embeddable":true,"href":"https:\/\/archive.sana.sy\/tr\/index.php?rest_route=%2Fwp%2Fv2%2Ftags&post=140948"}],"curies":[{"name":"wp","href":"https:\/\/api.w.org\/{rel}","templated":true}]}}