{"id":14110,"date":"2014-10-28T23:26:29","date_gmt":"2014-10-28T20:26:29","guid":{"rendered":"http:\/\/www.sana.sy\/tr\/?p=14110"},"modified":"2014-10-29T13:28:07","modified_gmt":"2014-10-29T10:28:07","slug":"isci-sendikalari-birligi-secim-kongresi-duzenlendi","status":"publish","type":"post","link":"https:\/\/archive.sana.sy\/tr\/?p=14110","title":{"rendered":"\u0130\u015f\u00e7i Sendikalar\u0131 Birli\u011fi Se\u00e7im Kongresi D\u00fczenlendi"},"content":{"rendered":"<p>\u015eAM \u2013 Suriye \u0130\u015f\u00e7i Sendikalar\u0131 Birli\u011fi, bug\u00fcn 26. Sendika d\u00f6nemi i\u00e7in se\u00e7im kongresini \u015eam\u2019da \u0130\u015f\u00e7i Sendikalar\u0131 Birli\u011fi Binas\u0131nda \u201cSuriye B\u00fct\u00fcn \u00c7abalar\u0131m\u0131z\u0131, Al\u0131nterimizi ve Eme\u011fimizi Hakkediyor Biz de Vatan \u0130\u00e7in Can\u0131n\u0131 ve Kan\u0131n\u0131 Esirgemeyen Kahramanlar\u0131m\u0131z Gibi Al\u0131n terimizi ve Eme\u011fimizi Esirgemeyece\u011fiz\u201d \u015fiar\u0131 alt\u0131da s\u00fcrd\u00fcrd\u00fcler.<a href=\"http:\/\/www.sana.sy\/tr\/wp-content\/uploads\/2014\/10\/i\u015f\u00e7i-sendikalar\u0131-2.jpg\"><img loading=\"lazy\" decoding=\"async\" class=\"alignright wp-image-14111 size-full\" src=\"http:\/\/www.sana.sy\/tr\/wp-content\/uploads\/2014\/10\/i\u015f\u00e7i-sendikalar\u0131-2.jpg\" alt=\"i\u015f\u00e7i sendikalar\u0131 2\" width=\"275\" height=\"203\" srcset=\"https:\/\/archive.sana.sy\/tr\/wp-content\/uploads\/2014\/10\/i\u015f\u00e7i-sendikalar\u0131-2.jpg 275w, https:\/\/archive.sana.sy\/tr\/wp-content\/uploads\/2014\/10\/i\u015f\u00e7i-sendikalar\u0131-2-150x110.jpg 150w\" sizes=\"auto, (max-width: 275px) 100vw, 275px\" \/><\/a><\/p>\n<p>\u0130\u015f\u00e7i Sendikalar\u0131 Birli\u011fi Ba\u015fkan\u0131 Yard\u0131mc\u0131s\u0131 \u0130zzet Kenc kongrede yapt\u0131\u011f\u0131 konu\u015fmada; \u00fclkede ya\u015fanmakta olan zor ko\u015fullara ra\u011fmen sendikal se\u00e7imlerin d\u00fczenlenmesinin bu \u00fclkede sendikal alandaki canl\u0131l\u0131\u011f\u0131n bir kan\u0131t\u0131 oldu\u011funu dile getirdi.<\/p>\n<p>Suriye\u2019deki \u00fcretim faaliyetlerinin devam etmesinin Suriyelilerin iradesine ba\u011fl\u0131 oldu\u011funun alt\u0131n\u0131 \u00e7izen Kenc; sendika \u00fcyelerine, sorumluluk sahibi ve yeniden in\u015fa s\u00fcrecinde sendikalar\u0131n aktif bir rol \u00fcstlenmesini sa\u011flayacak adaylar\u0131 se\u00e7meleri \u00e7a\u011fr\u0131s\u0131nda bulundu.<\/p>\n","protected":false},"excerpt":{"rendered":"<p>\u015eAM \u2013 Suriye \u0130\u015f\u00e7i Sendikalar\u0131 Birli\u011fi, bug\u00fcn 26. Sendika d\u00f6nemi i\u00e7in se\u00e7im kongresini \u015eam\u2019da \u0130\u015f\u00e7i Sendikalar\u0131 Birli\u011fi Binas\u0131nda \u201cSuriye B\u00fct\u00fcn \u00c7abalar\u0131m\u0131z\u0131, Al\u0131nterimizi ve Eme\u011fimizi Hakkediyor Biz de Vatan \u0130\u00e7in Can\u0131n\u0131 ve Kan\u0131n\u0131 Esirgemeyen Kahramanlar\u0131m\u0131z Gibi Al\u0131n terimizi ve Eme\u011fimizi Esirgemeyece\u011fiz\u201d \u015fiar\u0131 alt\u0131da s\u00fcrd\u00fcrd\u00fcler. \u0130\u015f\u00e7i Sendikalar\u0131 Birli\u011fi Ba\u015fkan\u0131 Yard\u0131mc\u0131s\u0131 \u0130zzet Kenc kongrede yapt\u0131\u011f\u0131 konu\u015fmada; \u00fclkede ya\u015fanmakta &hellip;<\/p>\n","protected":false},"author":1,"featured_media":14112,"comment_status":"closed","ping_status":"closed","sticky":false,"template":"","format":"standard","meta":{"footnotes":""},"categories":[479,478],"tags":[4578,4577,4576,4579],"class_list":["post-14110","post","type-post","status-publish","format-standard","has-post-thumbnail","","category-haberler-yerel","category-yerel","tag-alinterimizi-ve-emegimizi-hakkediyor-biz-de-vatan-icin-canini-ve-kanini-esirgemeyen-kahramanlarimiz-gibi-alin-terimizi-ve-emegimizi-esirgemeyecegiz-siari-altida-surdurduler-isci-sendikalari","tag-bugun-26-sendika-donemi-icin-secim-kongresini-samda-isci-sendikalari-birligi-binasinda-suriye-butun-cabalarimizi","tag-isci-sendikalari-birligi-secim-kongresi-duzenlendi-sam-suriye-isci-sendikalari-birligi","tag-sorumluluk-sahibi-ve-yeniden-insa-surecinde-sendikalarin-aktif-bir-rol-ustlenmesini-saglayacak-adaylari-secmeleri-cagrisinda-bulundu"],"_links":{"self":[{"href":"https:\/\/archive.sana.sy\/tr\/index.php?rest_route=\/wp\/v2\/posts\/14110","targetHints":{"allow":["GET"]}}],"collection":[{"href":"https:\/\/archive.sana.sy\/tr\/index.php?rest_route=\/wp\/v2\/posts"}],"about":[{"href":"https:\/\/archive.sana.sy\/tr\/index.php?rest_route=\/wp\/v2\/types\/post"}],"author":[{"embeddable":true,"href":"https:\/\/archive.sana.sy\/tr\/index.php?rest_route=\/wp\/v2\/users\/1"}],"replies":[{"embeddable":true,"href":"https:\/\/archive.sana.sy\/tr\/index.php?rest_route=%2Fwp%2Fv2%2Fcomments&post=14110"}],"version-history":[{"count":0,"href":"https:\/\/archive.sana.sy\/tr\/index.php?rest_route=\/wp\/v2\/posts\/14110\/revisions"}],"wp:featuredmedia":[{"embeddable":true,"href":"https:\/\/archive.sana.sy\/tr\/index.php?rest_route=\/wp\/v2\/media\/14112"}],"wp:attachment":[{"href":"https:\/\/archive.sana.sy\/tr\/index.php?rest_route=%2Fwp%2Fv2%2Fmedia&parent=14110"}],"wp:term":[{"taxonomy":"category","embeddable":true,"href":"https:\/\/archive.sana.sy\/tr\/index.php?rest_route=%2Fwp%2Fv2%2Fcategories&post=14110"},{"taxonomy":"post_tag","embeddable":true,"href":"https:\/\/archive.sana.sy\/tr\/index.php?rest_route=%2Fwp%2Fv2%2Ftags&post=14110"}],"curies":[{"name":"wp","href":"https:\/\/api.w.org\/{rel}","templated":true}]}}