{"id":141100,"date":"2018-03-14T14:44:45","date_gmt":"2018-03-14T12:44:45","guid":{"rendered":"https:\/\/www.sana.sy\/tr\/?p=141100"},"modified":"2018-03-15T09:59:14","modified_gmt":"2018-03-15T07:59:14","slug":"lavrov-kimyasal-saldiri-provokasyonundan-amac-abdye-bahane-yaratmaktir","status":"publish","type":"post","link":"https:\/\/archive.sana.sy\/tr\/?p=141100","title":{"rendered":"Lavrov: Kimyasal Sald\u0131r\u0131 Provokasyonundan Ama\u00e7 ABD\u2019ye Bahane Yaratmakt\u0131r"},"content":{"rendered":"<p>MOSKOVA \u2013 Rusya D\u0131\u015fi\u015fleri Bakan\u0131 Sergey Lavrov; \u015eam k\u0131rsal\u0131 Do\u011fu \u011euta\u2019da radikal ter\u00f6ristlerin haz\u0131rlamaya \u00e7al\u0131\u015ft\u0131klar\u0131 kimyasal sald\u0131r\u0131 provokasyonunun, ABD\u2019nin Suriye&#8217;ye kar\u015f\u0131 askeri bir sald\u0131r\u0131da bulunmas\u0131na bahane yaratmay\u0131 ama\u00e7lad\u0131\u011f\u0131n\u0131 belirtti.<\/p>\n<p>Moskova\u2019da bug\u00fcn T\u00fcrkiye D\u0131\u015fi\u015fleri Bakan\u0131 Mevl\u00fct \u00c7avu\u015fo\u011flu ile temaslar\u0131 ard\u0131ndan d\u00fczenledi\u011fi bas\u0131n toplant\u0131s\u0131nda; ABD\u2019li bir k\u0131s\u0131m yetkililerin ABD g\u00fc\u00e7lerinin Suriye&#8217;de uzun s\u00fcre kalmalar\u0131 i\u00e7in \u00e7aba harcad\u0131klar\u0131na dikkat \u00e7ekerken bunun da Suriye&#8217;nin egemenli\u011fi ve ulusal b\u00fct\u00fcnl\u00fc\u011f\u00fcn\u00fc tehdit etti\u011finin alt\u0131n\u0131 \u00e7izdi. Lavrov Suriye&#8217;nin toprak b\u00fct\u00fcnl\u00fc\u011f\u00fcn\u00fcn korunmas\u0131n\u0131n t\u00fcm b\u00f6lge a\u00e7\u0131s\u0131ndan ta\u015f\u0131d\u0131\u011f\u0131 \u00f6neme i\u015faret ederken, ABD\u2019nin F\u0131rat\u2019\u0131n do\u011fusunda g\u00fc\u00e7lerini uzun s\u00fcre b\u0131rakma planlar\u0131n\u0131n Suriye&#8217;nin ulusal birli\u011fini tehdit etti\u011fini vurgulad\u0131.<\/p>\n<p>Lavrov ABD\u2019nin bir\u00e7ok kez Suriye&#8217;nin toprak b\u00fct\u00fcnl\u00fc\u011f\u00fcn\u00fc sabote etmeme taahh\u00fcd\u00fcnde bulundu\u011funu ve bu y\u00f6nde \u00e7abas\u0131 olmad\u0131\u011f\u0131n\u0131 \u00f6ne s\u00fcrd\u00fc\u011f\u00fcne dikkat \u00e7ekerken, fakat tutum ve davran\u0131\u015flar\u0131n\u0131n bununla \u00e7eli\u015fti\u011finin alt\u0131n\u0131 \u00e7izdi.<\/p>\n<p>ABD\u2019nin bu ama\u00e7la ter\u00f6ristlerin arac\u0131l\u0131\u011f\u0131 ile kimyasal silah sald\u0131r\u0131s\u0131 provokasyonunda bulundu\u011funa vurgu yapan Lavrov; daha ba\u015fka \u00e7abalarda bulunup farkl\u0131 taktikler uygulamaya \u00e7al\u0131\u015ft\u0131klar\u0131n\u0131 kaydetti.<\/p>\n<p>Lavrov Do\u011fu \u011euta\u2019daki ter\u00f6ristlerin kimyasal silah sald\u0131r\u0131s\u0131 provokasyonunda bulunma planlar\u0131 konusunda d\u00fcnya kamuoyunun d\u0131\u015fi\u015fleri ve savunma bakanl\u0131klar\u0131 arac\u0131l\u0131\u011f\u0131 ile bilgilendirildi\u011finin alt\u0131n\u0131 \u00e7izdi.<\/p>\n<p>Rusya D\u0131\u015fi\u015fleri Bakan\u0131 Lavrov Moskova\u2019n\u0131n ABD\u2019yi Suriye&#8217;ye kar\u015f\u0131 herhangi bir sald\u0131r\u0131da bulunmas\u0131 tehlikesine kar\u015f\u0131 uyard\u0131\u011f\u0131n\u0131, Rusya&#8217;n\u0131n da b\u00f6yle bir sald\u0131r\u0131ya kar\u015f\u0131 koyaca\u011f\u0131n\u0131 bildirdi\u011finin alt\u0131n\u0131 \u00e7izdi.<\/p>\n","protected":false},"excerpt":{"rendered":"<p>MOSKOVA \u2013 Rusya D\u0131\u015fi\u015fleri Bakan\u0131 Sergey Lavrov; \u015eam k\u0131rsal\u0131 Do\u011fu \u011euta\u2019da radikal ter\u00f6ristlerin haz\u0131rlamaya \u00e7al\u0131\u015ft\u0131klar\u0131 kimyasal sald\u0131r\u0131 provokasyonunun, ABD\u2019nin Suriye&#8217;ye kar\u015f\u0131 askeri bir sald\u0131r\u0131da bulunmas\u0131na bahane yaratmay\u0131 ama\u00e7lad\u0131\u011f\u0131n\u0131 belirtti. Moskova\u2019da bug\u00fcn T\u00fcrkiye D\u0131\u015fi\u015fleri Bakan\u0131 Mevl\u00fct \u00c7avu\u015fo\u011flu ile temaslar\u0131 ard\u0131ndan d\u00fczenledi\u011fi bas\u0131n toplant\u0131s\u0131nda; ABD\u2019li bir k\u0131s\u0131m yetkililerin ABD g\u00fc\u00e7lerinin Suriye&#8217;de uzun s\u00fcre kalmalar\u0131 i\u00e7in \u00e7aba harcad\u0131klar\u0131na &hellip;<\/p>\n","protected":false},"author":1,"featured_media":141101,"comment_status":"closed","ping_status":"closed","sticky":false,"template":"","format":"standard","meta":{"footnotes":""},"categories":[458,459,17988],"tags":[19199,17322,25024,25640,3846,16591,19034,22181,29652,19314],"class_list":["post-141100","post","type-post","status-publish","format-standard","has-post-thumbnail","","category-dunya1","category-haberler-arap-uluslararasi-politika","category-son-haberler","tag-disisleri-bakani","tag-dogu-guta","tag-kimyasal-silah-saldirisi","tag-mevlut-cavusoglu","tag-sergey-lavrov","tag-suriye","tag-suriyeli-muhalifler","tag-suriyeliler","tag-suriyenin-butunlugu","tag-suriyeye-saldiri"],"_links":{"self":[{"href":"https:\/\/archive.sana.sy\/tr\/index.php?rest_route=\/wp\/v2\/posts\/141100","targetHints":{"allow":["GET"]}}],"collection":[{"href":"https:\/\/archive.sana.sy\/tr\/index.php?rest_route=\/wp\/v2\/posts"}],"about":[{"href":"https:\/\/archive.sana.sy\/tr\/index.php?rest_route=\/wp\/v2\/types\/post"}],"author":[{"embeddable":true,"href":"https:\/\/archive.sana.sy\/tr\/index.php?rest_route=\/wp\/v2\/users\/1"}],"replies":[{"embeddable":true,"href":"https:\/\/archive.sana.sy\/tr\/index.php?rest_route=%2Fwp%2Fv2%2Fcomments&post=141100"}],"version-history":[{"count":0,"href":"https:\/\/archive.sana.sy\/tr\/index.php?rest_route=\/wp\/v2\/posts\/141100\/revisions"}],"wp:featuredmedia":[{"embeddable":true,"href":"https:\/\/archive.sana.sy\/tr\/index.php?rest_route=\/wp\/v2\/media\/141101"}],"wp:attachment":[{"href":"https:\/\/archive.sana.sy\/tr\/index.php?rest_route=%2Fwp%2Fv2%2Fmedia&parent=141100"}],"wp:term":[{"taxonomy":"category","embeddable":true,"href":"https:\/\/archive.sana.sy\/tr\/index.php?rest_route=%2Fwp%2Fv2%2Fcategories&post=141100"},{"taxonomy":"post_tag","embeddable":true,"href":"https:\/\/archive.sana.sy\/tr\/index.php?rest_route=%2Fwp%2Fv2%2Ftags&post=141100"}],"curies":[{"name":"wp","href":"https:\/\/api.w.org\/{rel}","templated":true}]}}