{"id":141169,"date":"2018-03-15T12:44:59","date_gmt":"2018-03-15T10:44:59","guid":{"rendered":"https:\/\/www.sana.sy\/tr\/?p=141169"},"modified":"2018-03-17T09:57:58","modified_gmt":"2018-03-17T07:57:58","slug":"issiz-genclere-destegi-amacliyor","status":"publish","type":"post","link":"https:\/\/archive.sana.sy\/tr\/?p=141169","title":{"rendered":"\u0130\u015fsiz Gen\u00e7lere Deste\u011fi Ama\u00e7l\u0131yor"},"content":{"rendered":"<p>\u015eAM \u2013 i\u015fsiz ve akademik olmayan gen\u00e7lere destek ve yard\u0131m ama\u00e7l\u0131 Aksiyon Kalk\u0131nsal Projesi son faaliyetleri kapsam\u0131nda \u2018\u00d6\u011fren ve Ba\u015fkalar\u0131n\u0131n \u00d6\u011frenmesine Yard\u0131m Et\u2019 slogan\u0131 alt\u0131nda \u00e7al\u0131\u015fmalar ba\u015flatt\u0131.<\/p>\n<p>Bir\u00e7ok meslek ve alanda gen\u00e7lere yetenek ve deneyim kazand\u0131rma ama\u00e7l\u0131 \u00e7al\u0131\u015fmalarda i\u015fsiz gen\u00e7lerin i\u015f olana\u011f\u0131 elde etmeleri ve kendi geleceklerini yap\u0131land\u0131rmalar\u0131na yard\u0131m ve deste\u011fi ama\u00e7l\u0131yor.<\/p>\n<p>Proje kurucusu Reyn Meyla i\u015fsizi ve akademik olmayan gen\u00e7lere muhtelif meslek alanlar\u0131na ilaveten bilgisayar, sosyal kalk\u0131nma, televizyon ve radyo programlar\u0131 haz\u0131rlama ve daha ba\u015fka alanlarda yetenek ve deneyim kazand\u0131rmaya \u00e7al\u0131\u015ft\u0131klar\u0131n\u0131 a\u00e7\u0131klad\u0131.<\/p>\n","protected":false},"excerpt":{"rendered":"<p>\u015eAM \u2013 i\u015fsiz ve akademik olmayan gen\u00e7lere destek ve yard\u0131m ama\u00e7l\u0131 Aksiyon Kalk\u0131nsal Projesi son faaliyetleri kapsam\u0131nda \u2018\u00d6\u011fren ve Ba\u015fkalar\u0131n\u0131n \u00d6\u011frenmesine Yard\u0131m Et\u2019 slogan\u0131 alt\u0131nda \u00e7al\u0131\u015fmalar ba\u015flatt\u0131. Bir\u00e7ok meslek ve alanda gen\u00e7lere yetenek ve deneyim kazand\u0131rma ama\u00e7l\u0131 \u00e7al\u0131\u015fmalarda i\u015fsiz gen\u00e7lerin i\u015f olana\u011f\u0131 elde etmeleri ve kendi geleceklerini yap\u0131land\u0131rmalar\u0131na yard\u0131m ve deste\u011fi ama\u00e7l\u0131yor. Proje kurucusu Reyn &hellip;<\/p>\n","protected":false},"author":1,"featured_media":141172,"comment_status":"closed","ping_status":"closed","sticky":false,"template":"","format":"standard","meta":{"footnotes":""},"categories":[526,541,479,17988,525,538,478],"tags":[35399,35401,35400],"class_list":["post-141169","post","type-post","status-publish","format-standard","has-post-thumbnail","","category-haber-ve-raporlar","category-haberler","category-haberler-yerel","category-son-haberler","category-toplum","category-yasam","category-yerel","tag-aksiyon-kalkinsal-projesi","tag-issiz-gencleri","tag-ogren-ve-baskalarinin-ogrenmesine-yardim-et"],"_links":{"self":[{"href":"https:\/\/archive.sana.sy\/tr\/index.php?rest_route=\/wp\/v2\/posts\/141169","targetHints":{"allow":["GET"]}}],"collection":[{"href":"https:\/\/archive.sana.sy\/tr\/index.php?rest_route=\/wp\/v2\/posts"}],"about":[{"href":"https:\/\/archive.sana.sy\/tr\/index.php?rest_route=\/wp\/v2\/types\/post"}],"author":[{"embeddable":true,"href":"https:\/\/archive.sana.sy\/tr\/index.php?rest_route=\/wp\/v2\/users\/1"}],"replies":[{"embeddable":true,"href":"https:\/\/archive.sana.sy\/tr\/index.php?rest_route=%2Fwp%2Fv2%2Fcomments&post=141169"}],"version-history":[{"count":0,"href":"https:\/\/archive.sana.sy\/tr\/index.php?rest_route=\/wp\/v2\/posts\/141169\/revisions"}],"wp:featuredmedia":[{"embeddable":true,"href":"https:\/\/archive.sana.sy\/tr\/index.php?rest_route=\/wp\/v2\/media\/141172"}],"wp:attachment":[{"href":"https:\/\/archive.sana.sy\/tr\/index.php?rest_route=%2Fwp%2Fv2%2Fmedia&parent=141169"}],"wp:term":[{"taxonomy":"category","embeddable":true,"href":"https:\/\/archive.sana.sy\/tr\/index.php?rest_route=%2Fwp%2Fv2%2Fcategories&post=141169"},{"taxonomy":"post_tag","embeddable":true,"href":"https:\/\/archive.sana.sy\/tr\/index.php?rest_route=%2Fwp%2Fv2%2Ftags&post=141169"}],"curies":[{"name":"wp","href":"https:\/\/api.w.org\/{rel}","templated":true}]}}