{"id":14133,"date":"2014-10-29T16:14:54","date_gmt":"2014-10-29T13:14:54","guid":{"rendered":"http:\/\/www.sana.sy\/tr\/?p=14133"},"modified":"2014-10-29T16:14:54","modified_gmt":"2014-10-29T13:14:54","slug":"kiliseler-konseyi-terore-karsi-savasinda-suriyeye-destek-talep-etti","status":"publish","type":"post","link":"https:\/\/archive.sana.sy\/tr\/?p=14133","title":{"rendered":"Kiliseler Konseyi Ter\u00f6re Kar\u015f\u0131 Sava\u015f\u0131nda Suriye&#8217;ye Destek Talep Etti"},"content":{"rendered":"<p>\u015eAM \u2013 Suriye&#8217;de Katolik Kilise Ba\u015fkanlar\u0131 Konseyi; topraklar\u0131na s\u0131ms\u0131k\u0131 tutunduklar\u0131n\u0131 belirterek, H\u0131ristiyanl\u0131k ve ho\u015fg\u00f6r\u00fcn\u00fcn be\u015fi\u011fi Suriye&#8217;ye ba\u011fl\u0131l\u0131klar\u0131n\u0131n alt\u0131n\u0131 \u00e7izdi.<\/p>\n<p>Konsey d\u00fczenledi\u011fi sonbahar oturumunun bitiminde yay\u0131nlad\u0131\u011f\u0131 ve SANA\u2019n\u0131n bir n\u00fcshas\u0131n\u0131 ald\u0131\u011f\u0131 beyan\u0131nda Suriye&#8217;nin zengin etnik ve dini toplumuyla g\u00fczelle\u015fti\u011fini ifade etti.<\/p>\n<p>Vatanda\u015flar\u0131n sorunlar\u0131n\u0131 hafifletme ve onlara destek sa\u011flama \u00e7al\u0131\u015fmalar\u0131n\u0131 s\u00fcrd\u00fcrece\u011fini belirten Konsey; t\u00fcm vatanda\u015flar aras\u0131nda ileti\u015fim ve ho\u015f g\u00f6r\u00fc \u00e7a\u011fr\u0131s\u0131nda bulundu.<\/p>\n<p>Kurul t\u00fcm vatanda\u015flardan yenilenen ve m\u00fccadele eden g\u00fczelim Suriye&#8217;nin yan\u0131nda olmaya, kar\u015f\u0131l\u0131kl\u0131 sayg\u0131, diyalog ve uzla\u015fma i\u00e7inde olmalar\u0131na davet etti.<\/p>\n<p>Suriye ve halk\u0131na kar\u015f\u0131 tutumlar\u0131 olan D\u00fcnya \u00fclkeleri ve g\u00fc\u00e7lerini ellerini Suriye&#8217;nin \u00fcst\u00fcnden \u00e7ekmelerini ve ter\u00f6re kar\u015f\u0131 sava\u015f\u0131nda destek vermelerini talep eden Kurul, silah ve sava\u015ftan uzak bir \u015fekilde adalet ve bar\u0131\u015f yolu izlemelerini istedi.<\/p>\n<p>Katolik ve Ortodoks patriklerin sahip olduklar\u0131 ortak tutumlar\u0131n takdire \u015fayan oldu\u011funu ifade eden Kurul; yak\u0131nla\u015fma, ileti\u015fim ve ho\u015fg\u00f6r\u00fc k\u00fclt\u00fcr\u00fcn\u00fcn peki\u015ftirilmesi \u00e7a\u011fr\u0131s\u0131nda bulundu.<\/p>\n","protected":false},"excerpt":{"rendered":"<p>\u015eAM \u2013 Suriye&#8217;de Katolik Kilise Ba\u015fkanlar\u0131 Konseyi; topraklar\u0131na s\u0131ms\u0131k\u0131 tutunduklar\u0131n\u0131 belirterek, H\u0131ristiyanl\u0131k ve ho\u015fg\u00f6r\u00fcn\u00fcn be\u015fi\u011fi Suriye&#8217;ye ba\u011fl\u0131l\u0131klar\u0131n\u0131n alt\u0131n\u0131 \u00e7izdi. Konsey d\u00fczenledi\u011fi sonbahar oturumunun bitiminde yay\u0131nlad\u0131\u011f\u0131 ve SANA\u2019n\u0131n bir n\u00fcshas\u0131n\u0131 ald\u0131\u011f\u0131 beyan\u0131nda Suriye&#8217;nin zengin etnik ve dini toplumuyla g\u00fczelle\u015fti\u011fini ifade etti. Vatanda\u015flar\u0131n sorunlar\u0131n\u0131 hafifletme ve onlara destek sa\u011flama \u00e7al\u0131\u015fmalar\u0131n\u0131 s\u00fcrd\u00fcrece\u011fini belirten Konsey; t\u00fcm vatanda\u015flar aras\u0131nda ileti\u015fim &hellip;<\/p>\n","protected":false},"author":1,"featured_media":14134,"comment_status":"closed","ping_status":"closed","sticky":false,"template":"","format":"standard","meta":{"footnotes":""},"categories":[479,447,478],"tags":[4617,4615,4619,4616,4614,4618],"class_list":["post-14133","post","type-post","status-publish","format-standard","has-post-thumbnail","","category-haberler-yerel","category-politika","category-yerel","tag-diyalog-ve-uzlasma-icinde-olmalarina-davet-etti-suriye-ve-halkina-karsi-tutumlari-olan-dunya-ulkeleri-ve-guclerini-ellerini-suriyenin-ustunden-cekmelerini-ve-terore-karsi-savasinda-destek-vermelerin","tag-hiristiyanlik-ve-hosgorunun-besigi-suriyeye-bagliliklarinin-altini-cizdi-konsey-duzenledigi-sonbahar-oturumunun-bitiminde-yayinladigi-ve-sananin-bir-nushasini-aldigi-beyaninda-suriyenin-ze","tag-iletisim-ve-hosgoru-kulturunun-pekistirilmesi-cagrisinda-bulundu","tag-karsilikli-saygi","tag-kiliseler-konseyi-terore-karsi-savasinda-suriyeye-destek-talep-etti-sam-suriyede-katolik-kilise-baskanlari-konseyi-topraklarina-simsiki-tutunduklarini-belirterek","tag-silah-ve-savastan-uzak-bir-sekilde-adalet-ve-baris-yolu-izlemelerini-istedi-katolik-ve-ortodoks-patriklerin-sahip-olduklari-ortak-tutumlarin-takdire-sayan-oldugunu-ifade-eden-kurul-yakinlasma"],"_links":{"self":[{"href":"https:\/\/archive.sana.sy\/tr\/index.php?rest_route=\/wp\/v2\/posts\/14133","targetHints":{"allow":["GET"]}}],"collection":[{"href":"https:\/\/archive.sana.sy\/tr\/index.php?rest_route=\/wp\/v2\/posts"}],"about":[{"href":"https:\/\/archive.sana.sy\/tr\/index.php?rest_route=\/wp\/v2\/types\/post"}],"author":[{"embeddable":true,"href":"https:\/\/archive.sana.sy\/tr\/index.php?rest_route=\/wp\/v2\/users\/1"}],"replies":[{"embeddable":true,"href":"https:\/\/archive.sana.sy\/tr\/index.php?rest_route=%2Fwp%2Fv2%2Fcomments&post=14133"}],"version-history":[{"count":0,"href":"https:\/\/archive.sana.sy\/tr\/index.php?rest_route=\/wp\/v2\/posts\/14133\/revisions"}],"wp:featuredmedia":[{"embeddable":true,"href":"https:\/\/archive.sana.sy\/tr\/index.php?rest_route=\/wp\/v2\/media\/14134"}],"wp:attachment":[{"href":"https:\/\/archive.sana.sy\/tr\/index.php?rest_route=%2Fwp%2Fv2%2Fmedia&parent=14133"}],"wp:term":[{"taxonomy":"category","embeddable":true,"href":"https:\/\/archive.sana.sy\/tr\/index.php?rest_route=%2Fwp%2Fv2%2Fcategories&post=14133"},{"taxonomy":"post_tag","embeddable":true,"href":"https:\/\/archive.sana.sy\/tr\/index.php?rest_route=%2Fwp%2Fv2%2Ftags&post=14133"}],"curies":[{"name":"wp","href":"https:\/\/api.w.org\/{rel}","templated":true}]}}