{"id":14138,"date":"2014-10-29T16:45:14","date_gmt":"2014-10-29T13:45:14","guid":{"rendered":"http:\/\/www.sana.sy\/tr\/?p=14138"},"modified":"2014-10-29T16:45:14","modified_gmt":"2014-10-29T13:45:14","slug":"askeri-bir-kaynak-sanaya-aciklamasinda-ordu-birliklerimizin-homs-kirsali-ukerbat-ve-sair-dagi-cevresinde-isid-mevkilerini-hedef-alarak-agir-makineli-silahlarla-donatilmis-arac-konvoylarini-im","status":"publish","type":"post","link":"https:\/\/archive.sana.sy\/tr\/?p=14138","title":{"rendered":"Askeri bir kaynak SANA\u2019ya a\u00e7\u0131klamas\u0131nda ordu birliklerimizin Homs k\u0131rsal\u0131 Ukerbat ve \u015eair Da\u011f\u0131 \u00e7evresinde I\u015e\u0130D mevkilerini hedef alarak a\u011f\u0131r makineli silahlarla donat\u0131lm\u0131\u015f ara\u00e7 konvoylar\u0131n\u0131 imha edip onlarca ter\u00f6risti etkisiz hale getirdiklerini belirtti"},"content":{"rendered":"<p>Askeri bir kaynak SANA\u2019ya a\u00e7\u0131klamas\u0131nda ordu birliklerimizin Homs k\u0131rsal\u0131 Ukerbat ve \u015eair Da\u011f\u0131 \u00e7evresinde I\u015e\u0130D mevkilerini hedef alarak a\u011f\u0131r makineli silahlarla donat\u0131lm\u0131\u015f ara\u00e7 konvoylar\u0131n\u0131 imha edip onlarca ter\u00f6risti etkisiz hale getirdiklerini belirtti<\/p>\n","protected":false},"excerpt":{"rendered":"<p>Askeri bir kaynak SANA\u2019ya a\u00e7\u0131klamas\u0131nda ordu birliklerimizin Homs k\u0131rsal\u0131 Ukerbat ve \u015eair Da\u011f\u0131 \u00e7evresinde I\u015e\u0130D mevkilerini hedef alarak a\u011f\u0131r makineli silahlarla donat\u0131lm\u0131\u015f ara\u00e7 konvoylar\u0131n\u0131 imha edip onlarca ter\u00f6risti etkisiz hale getirdiklerini belirtti<\/p>\n","protected":false},"author":1,"featured_media":0,"comment_status":"closed","ping_status":"closed","sticky":false,"template":"","format":"standard","meta":{"footnotes":""},"categories":[1],"tags":[4620],"class_list":["post-14138","post","type-post","status-publish","format-standard","","category-news-not-sorted","tag-askeri-bir-kaynak-sanaya-aciklamasinda-ordu-birliklerimizin-homs-kirsali-ukerbat-ve-sair-dagi-cevresinde-isid-mevkilerini-hedef-alarak-agir-makineli-silahlarla-donatilmis-arac-konvoylarini-im"],"_links":{"self":[{"href":"https:\/\/archive.sana.sy\/tr\/index.php?rest_route=\/wp\/v2\/posts\/14138","targetHints":{"allow":["GET"]}}],"collection":[{"href":"https:\/\/archive.sana.sy\/tr\/index.php?rest_route=\/wp\/v2\/posts"}],"about":[{"href":"https:\/\/archive.sana.sy\/tr\/index.php?rest_route=\/wp\/v2\/types\/post"}],"author":[{"embeddable":true,"href":"https:\/\/archive.sana.sy\/tr\/index.php?rest_route=\/wp\/v2\/users\/1"}],"replies":[{"embeddable":true,"href":"https:\/\/archive.sana.sy\/tr\/index.php?rest_route=%2Fwp%2Fv2%2Fcomments&post=14138"}],"version-history":[{"count":0,"href":"https:\/\/archive.sana.sy\/tr\/index.php?rest_route=\/wp\/v2\/posts\/14138\/revisions"}],"wp:attachment":[{"href":"https:\/\/archive.sana.sy\/tr\/index.php?rest_route=%2Fwp%2Fv2%2Fmedia&parent=14138"}],"wp:term":[{"taxonomy":"category","embeddable":true,"href":"https:\/\/archive.sana.sy\/tr\/index.php?rest_route=%2Fwp%2Fv2%2Fcategories&post=14138"},{"taxonomy":"post_tag","embeddable":true,"href":"https:\/\/archive.sana.sy\/tr\/index.php?rest_route=%2Fwp%2Fv2%2Ftags&post=14138"}],"curies":[{"name":"wp","href":"https:\/\/api.w.org\/{rel}","templated":true}]}}