{"id":141891,"date":"2018-03-19T14:32:31","date_gmt":"2018-03-19T12:32:31","guid":{"rendered":"https:\/\/www.sana.sy\/tr\/?p=141891"},"modified":"2018-03-19T14:32:31","modified_gmt":"2018-03-19T12:32:31","slug":"cumhurbaskani-el-esad-rusyanin-uluslar-arasi-platformlarda-sergiledigi-ilkeli-tutumun-rusya-halkinin-yani-sira-kucuk-ya-da-buyuk-tum-devletler-arasinda-adaletin-karsilikli-saygi-ve-onurun-sa","status":"publish","type":"post","link":"https:\/\/archive.sana.sy\/tr\/?p=141891","title":{"rendered":"Cumhurba\u015fkan\u0131 el Esad Rusya\u2019n\u0131n uluslar aras\u0131 platformlarda sergiledi\u011fi ilkeli tutumun Rusya halk\u0131n\u0131n yan\u0131 s\u0131ra k\u00fc\u00e7\u00fck ya da b\u00fcy\u00fck t\u00fcm devletler aras\u0131nda adaletin, kar\u015f\u0131l\u0131kl\u0131 sayg\u0131 ve onurun sa\u011flanmas\u0131 idealinde olan daha ba\u015fka t\u00fcm halklar\u0131n nabz\u0131n\u0131 yans\u0131tt\u0131\u011f\u0131n\u0131 belirtti."},"content":{"rendered":"<p>Cumhurba\u015fkan\u0131 el Esad Rusya\u2019n\u0131n uluslar aras\u0131 platformlarda sergiledi\u011fi ilkeli tutumun Rusya halk\u0131n\u0131n yan\u0131 s\u0131ra k\u00fc\u00e7\u00fck ya da b\u00fcy\u00fck t\u00fcm devletler aras\u0131nda adaletin, kar\u015f\u0131l\u0131kl\u0131 sayg\u0131 ve onurun sa\u011flanmas\u0131 idealinde olan daha ba\u015fka t\u00fcm halklar\u0131n nabz\u0131n\u0131 yans\u0131tt\u0131\u011f\u0131n\u0131 belirtti.<\/p>\n","protected":false},"excerpt":{"rendered":"<p>Cumhurba\u015fkan\u0131 el Esad Rusya\u2019n\u0131n uluslar aras\u0131 platformlarda sergiledi\u011fi ilkeli tutumun Rusya halk\u0131n\u0131n yan\u0131 s\u0131ra k\u00fc\u00e7\u00fck ya da b\u00fcy\u00fck t\u00fcm devletler aras\u0131nda adaletin, kar\u015f\u0131l\u0131kl\u0131 sayg\u0131 ve onurun sa\u011flanmas\u0131 idealinde olan daha ba\u015fka t\u00fcm halklar\u0131n nabz\u0131n\u0131 yans\u0131tt\u0131\u011f\u0131n\u0131 belirtti.<\/p>\n","protected":false},"author":1,"featured_media":0,"comment_status":"closed","ping_status":"closed","sticky":false,"template":"","format":"standard","meta":{"footnotes":""},"categories":[17991],"tags":[],"class_list":["post-141891","post","type-post","status-publish","format-standard","","category-son-dakika"],"_links":{"self":[{"href":"https:\/\/archive.sana.sy\/tr\/index.php?rest_route=\/wp\/v2\/posts\/141891","targetHints":{"allow":["GET"]}}],"collection":[{"href":"https:\/\/archive.sana.sy\/tr\/index.php?rest_route=\/wp\/v2\/posts"}],"about":[{"href":"https:\/\/archive.sana.sy\/tr\/index.php?rest_route=\/wp\/v2\/types\/post"}],"author":[{"embeddable":true,"href":"https:\/\/archive.sana.sy\/tr\/index.php?rest_route=\/wp\/v2\/users\/1"}],"replies":[{"embeddable":true,"href":"https:\/\/archive.sana.sy\/tr\/index.php?rest_route=%2Fwp%2Fv2%2Fcomments&post=141891"}],"version-history":[{"count":0,"href":"https:\/\/archive.sana.sy\/tr\/index.php?rest_route=\/wp\/v2\/posts\/141891\/revisions"}],"wp:attachment":[{"href":"https:\/\/archive.sana.sy\/tr\/index.php?rest_route=%2Fwp%2Fv2%2Fmedia&parent=141891"}],"wp:term":[{"taxonomy":"category","embeddable":true,"href":"https:\/\/archive.sana.sy\/tr\/index.php?rest_route=%2Fwp%2Fv2%2Fcategories&post=141891"},{"taxonomy":"post_tag","embeddable":true,"href":"https:\/\/archive.sana.sy\/tr\/index.php?rest_route=%2Fwp%2Fv2%2Ftags&post=141891"}],"curies":[{"name":"wp","href":"https:\/\/api.w.org\/{rel}","templated":true}]}}