{"id":141897,"date":"2018-03-19T14:56:15","date_gmt":"2018-03-19T12:56:15","guid":{"rendered":"https:\/\/www.sana.sy\/tr\/?p=141897"},"modified":"2018-03-20T14:54:24","modified_gmt":"2018-03-20T12:54:24","slug":"afrindeki-sivil-vatandaslara-ulasma-talebinde-bulundu","status":"publish","type":"post","link":"https:\/\/archive.sana.sy\/tr\/?p=141897","title":{"rendered":"Afrin\u2019deki Sivil Vatanda\u015flara Ula\u015fma Talebinde Bulundu"},"content":{"rendered":"<p>CENEVRE \u2013 Uluslararas\u0131 K\u0131z\u0131lha\u00e7 Komitesi (ICRC) Halep k\u0131rsal\u0131n\u0131n kuzeyinde T\u00fcrkiye g\u00fc\u00e7leri ve onlara tabi ter\u00f6ristlerin sald\u0131r\u0131lar\u0131na maruz kalan Afrin B\u00f6lgesinde sivil vatanda\u015flara ula\u015fma talebinde bulundu.<\/p>\n<p>ICRC Ba\u015fkan\u0131 Peter Maurer bug\u00fcn bas\u0131n mensuplar\u0131na yapt\u0131\u011f\u0131 a\u00e7\u0131klamada; Afrin B\u00f6lgesinde sivillerin aras\u0131nda g\u00f6rev yapan T\u00fcrk K\u0131z\u0131lay \u00d6rg\u00fct\u00fcn\u00fcn g\u00fcvenirli\u011finin s\u0131f\u0131ra yak\u0131n oldu\u011funu belirtti.<\/p>\n<p>Maurer ICRC\u2019nin T\u00fcrkiye&#8217;nin sald\u0131r\u0131lar\u0131 neticesinde b\u00f6lgeden tehcir edilen b\u00f6lge ahalisinin bir k\u0131sm\u0131na yard\u0131m ve destekte bulundu\u011funu, fakat sivillerin yard\u0131m haklar\u0131 itibar\u0131yla ICRC \u00e7al\u0131\u015fanlar\u0131n\u0131n Afrin\u2019deki sivillerle direk ula\u015fmas\u0131 gerekti\u011finin atl\u0131n\u0131 \u00e7izdi.<\/p>\n<p>T\u00fcrkiye g\u00fc\u00e7leri ve onlara tabi ter\u00f6ristlerin 20 Ocak tarihinden beri Afrin B\u00f6lgesinde sivil yerle\u015fim alanlar\u0131, hizmet kurumlar\u0131, altyap\u0131 ve her \u015feyi yo\u011fun bir \u015fekilde bombalamalar\u0131 sonucunda geneli \u00e7ocuk ve kad\u0131n olmak \u00fczere 1100\u2019den fazla sivil vatanda\u015f \u015fehit ve yaral\u0131 d\u00fc\u015ft\u00fc. Onlarca f\u0131r\u0131n, okul, hastane, su pompalar\u0131, sa\u011fl\u0131k oca\u011f\u0131 ve daha ba\u015fka hizmet kurumlar\u0131 yerle bir edildi. B\u00f6lgede say\u0131s\u0131z evin yerle bir edilmesi sonucunda da on binlerce sivil vatanda\u015f tehcir edildi. Sular\u0131n kesilmesi, t\u00fcketim ve g\u0131da \u00fcr\u00fcnlerine ilaveten t\u0131bbi yard\u0131mlar\u0131n engellenmesi sonucunda b\u00f6lgede ciddi bir insani durum ya\u015fan\u0131yor.<\/p>\n","protected":false},"excerpt":{"rendered":"<p>CENEVRE \u2013 Uluslararas\u0131 K\u0131z\u0131lha\u00e7 Komitesi (ICRC) Halep k\u0131rsal\u0131n\u0131n kuzeyinde T\u00fcrkiye g\u00fc\u00e7leri ve onlara tabi ter\u00f6ristlerin sald\u0131r\u0131lar\u0131na maruz kalan Afrin B\u00f6lgesinde sivil vatanda\u015flara ula\u015fma talebinde bulundu. ICRC Ba\u015fkan\u0131 Peter Maurer bug\u00fcn bas\u0131n mensuplar\u0131na yapt\u0131\u011f\u0131 a\u00e7\u0131klamada; Afrin B\u00f6lgesinde sivillerin aras\u0131nda g\u00f6rev yapan T\u00fcrk K\u0131z\u0131lay \u00d6rg\u00fct\u00fcn\u00fcn g\u00fcvenirli\u011finin s\u0131f\u0131ra yak\u0131n oldu\u011funu belirtti. Maurer ICRC\u2019nin T\u00fcrkiye&#8217;nin sald\u0131r\u0131lar\u0131 neticesinde b\u00f6lgeden tehcir &hellip;<\/p>\n","protected":false},"author":1,"featured_media":141900,"comment_status":"closed","ping_status":"closed","sticky":false,"template":"","format":"standard","meta":{"footnotes":""},"categories":[458,459,17988,2554,2555],"tags":[4096,35002,33030,35459,35390,24284,34501,19314,34554],"class_list":["post-141897","post","type-post","status-publish","format-standard","has-post-thumbnail","","category-dunya1","category-haberler-arap-uluslararasi-politika","category-son-haberler","category-suriye-ve-dunya","category-suriye-ve-turkiye","tag-afrin","tag-afrin-kenti","tag-icrc","tag-kizilhac-komitesi","tag-peter-maurer","tag-suriye-sinrilari","tag-suriyeye-operasyon","tag-suriyeye-saldiri","tag-zeytin-dali-operasyonu"],"_links":{"self":[{"href":"https:\/\/archive.sana.sy\/tr\/index.php?rest_route=\/wp\/v2\/posts\/141897","targetHints":{"allow":["GET"]}}],"collection":[{"href":"https:\/\/archive.sana.sy\/tr\/index.php?rest_route=\/wp\/v2\/posts"}],"about":[{"href":"https:\/\/archive.sana.sy\/tr\/index.php?rest_route=\/wp\/v2\/types\/post"}],"author":[{"embeddable":true,"href":"https:\/\/archive.sana.sy\/tr\/index.php?rest_route=\/wp\/v2\/users\/1"}],"replies":[{"embeddable":true,"href":"https:\/\/archive.sana.sy\/tr\/index.php?rest_route=%2Fwp%2Fv2%2Fcomments&post=141897"}],"version-history":[{"count":0,"href":"https:\/\/archive.sana.sy\/tr\/index.php?rest_route=\/wp\/v2\/posts\/141897\/revisions"}],"wp:featuredmedia":[{"embeddable":true,"href":"https:\/\/archive.sana.sy\/tr\/index.php?rest_route=\/wp\/v2\/media\/141900"}],"wp:attachment":[{"href":"https:\/\/archive.sana.sy\/tr\/index.php?rest_route=%2Fwp%2Fv2%2Fmedia&parent=141897"}],"wp:term":[{"taxonomy":"category","embeddable":true,"href":"https:\/\/archive.sana.sy\/tr\/index.php?rest_route=%2Fwp%2Fv2%2Fcategories&post=141897"},{"taxonomy":"post_tag","embeddable":true,"href":"https:\/\/archive.sana.sy\/tr\/index.php?rest_route=%2Fwp%2Fv2%2Ftags&post=141897"}],"curies":[{"name":"wp","href":"https:\/\/api.w.org\/{rel}","templated":true}]}}