{"id":141917,"date":"2018-03-19T15:10:09","date_gmt":"2018-03-19T13:10:09","guid":{"rendered":"https:\/\/www.sana.sy\/tr\/?p=141917"},"modified":"2018-03-19T15:10:09","modified_gmt":"2018-03-19T13:10:09","slug":"sam-il-emniyet-mudurlugunde-bir-yetkili-sanaya-aciklamasinda-dogu-gutada-bulunan-radikal-teroristlerin-sam-ve-kirsalinin-muhtelif-bolgelerine-gelisiguzel-fuze-saldirilarini-surdurduk","status":"publish","type":"post","link":"https:\/\/archive.sana.sy\/tr\/?p=141917","title":{"rendered":"\u015eam \u0130l Emniyet M\u00fcd\u00fcrl\u00fc\u011f\u00fcnde bir yetkili SANA\u2019ya a\u00e7\u0131klamas\u0131nda Do\u011fu \u011euta\u2019da bulunan radikal ter\u00f6ristlerin \u015eam ve k\u0131rsal\u0131n\u0131n muhtelif b\u00f6lgelerine geli\u015fig\u00fczel f\u00fcze sald\u0131r\u0131lar\u0131n\u0131 s\u00fcrd\u00fcrd\u00fcklerini belirtti."},"content":{"rendered":"<p>\u015eam \u0130l Emniyet M\u00fcd\u00fcrl\u00fc\u011f\u00fcnde bir yetkili SANA\u2019ya a\u00e7\u0131klamas\u0131nda Do\u011fu \u011euta\u2019da bulunan radikal ter\u00f6ristlerin \u015eam ve k\u0131rsal\u0131n\u0131n muhtelif b\u00f6lgelerine geli\u015fig\u00fczel f\u00fcze sald\u0131r\u0131lar\u0131n\u0131 s\u00fcrd\u00fcrd\u00fcklerini belirtti.<\/p>\n","protected":false},"excerpt":{"rendered":"<p>\u015eam \u0130l Emniyet M\u00fcd\u00fcrl\u00fc\u011f\u00fcnde bir yetkili SANA\u2019ya a\u00e7\u0131klamas\u0131nda Do\u011fu \u011euta\u2019da bulunan radikal ter\u00f6ristlerin \u015eam ve k\u0131rsal\u0131n\u0131n muhtelif b\u00f6lgelerine geli\u015fig\u00fczel f\u00fcze sald\u0131r\u0131lar\u0131n\u0131 s\u00fcrd\u00fcrd\u00fcklerini belirtti.<\/p>\n","protected":false},"author":1,"featured_media":0,"comment_status":"closed","ping_status":"closed","sticky":false,"template":"","format":"standard","meta":{"footnotes":""},"categories":[17991],"tags":[],"class_list":["post-141917","post","type-post","status-publish","format-standard","","category-son-dakika"],"_links":{"self":[{"href":"https:\/\/archive.sana.sy\/tr\/index.php?rest_route=\/wp\/v2\/posts\/141917","targetHints":{"allow":["GET"]}}],"collection":[{"href":"https:\/\/archive.sana.sy\/tr\/index.php?rest_route=\/wp\/v2\/posts"}],"about":[{"href":"https:\/\/archive.sana.sy\/tr\/index.php?rest_route=\/wp\/v2\/types\/post"}],"author":[{"embeddable":true,"href":"https:\/\/archive.sana.sy\/tr\/index.php?rest_route=\/wp\/v2\/users\/1"}],"replies":[{"embeddable":true,"href":"https:\/\/archive.sana.sy\/tr\/index.php?rest_route=%2Fwp%2Fv2%2Fcomments&post=141917"}],"version-history":[{"count":0,"href":"https:\/\/archive.sana.sy\/tr\/index.php?rest_route=\/wp\/v2\/posts\/141917\/revisions"}],"wp:attachment":[{"href":"https:\/\/archive.sana.sy\/tr\/index.php?rest_route=%2Fwp%2Fv2%2Fmedia&parent=141917"}],"wp:term":[{"taxonomy":"category","embeddable":true,"href":"https:\/\/archive.sana.sy\/tr\/index.php?rest_route=%2Fwp%2Fv2%2Fcategories&post=141917"},{"taxonomy":"post_tag","embeddable":true,"href":"https:\/\/archive.sana.sy\/tr\/index.php?rest_route=%2Fwp%2Fv2%2Ftags&post=141917"}],"curies":[{"name":"wp","href":"https:\/\/api.w.org\/{rel}","templated":true}]}}