{"id":141921,"date":"2018-03-19T15:23:59","date_gmt":"2018-03-19T13:23:59","guid":{"rendered":"https:\/\/www.sana.sy\/tr\/?p=141921"},"modified":"2018-03-20T14:53:08","modified_gmt":"2018-03-20T12:53:08","slug":"14-bin-tondan-fazla-elma-ihracati-yapildi","status":"publish","type":"post","link":"https:\/\/archive.sana.sy\/tr\/?p=141921","title":{"rendered":"14 Bin Tondan Fazla Elma \u0130hracat\u0131 Yap\u0131ld\u0131"},"content":{"rendered":"<p>S\u00dcVEYDA \u2013 Elma yeti\u015ftiriciyle \u00fcnl\u00fc S\u00fcveyda \u0130linde \u0130l tar\u0131m M\u00fcd\u00fcr\u00fc Hatim Ebu Ras; 2017-2018 tar\u0131m sezonunda M\u0131s\u0131r\u2019a 14 bin 168 ton elma ihracat\u0131 yap\u0131ld\u0131\u011f\u0131n\u0131 belirtti.<\/p>\n<p>SANA muhabirine a\u00e7\u0131klama yapan Ebu Ras; ta\u015f\u0131mac\u0131l\u0131k \u00fccretinin artmas\u0131na ra\u011fmen bu miktar\u0131n iyi say\u0131ld\u0131\u011f\u0131na dikkat \u00e7ekti. Ebu Ras \u0130l Tar\u0131m M\u00fcd\u00fcrl\u00fc\u011f\u00fcn\u00fcn yeni ihracat ruhsatlar\u0131 verme ve ihracat\u0131 artt\u0131rma \u00e7abalar\u0131n\u0131n devam etti\u011fini kaydetti.<\/p>\n<p>2017-2018 sezonunda S\u00fcveyda\u2019da 33 bin ton elma \u00fcretilirken, bir \u00f6nceki sezonda 83 bin ton \u00fcretim ger\u00e7ekle\u015fmi\u015fti.<\/p>\n","protected":false},"excerpt":{"rendered":"<p>S\u00dcVEYDA \u2013 Elma yeti\u015ftiriciyle \u00fcnl\u00fc S\u00fcveyda \u0130linde \u0130l tar\u0131m M\u00fcd\u00fcr\u00fc Hatim Ebu Ras; 2017-2018 tar\u0131m sezonunda M\u0131s\u0131r\u2019a 14 bin 168 ton elma ihracat\u0131 yap\u0131ld\u0131\u011f\u0131n\u0131 belirtti. SANA muhabirine a\u00e7\u0131klama yapan Ebu Ras; ta\u015f\u0131mac\u0131l\u0131k \u00fccretinin artmas\u0131na ra\u011fmen bu miktar\u0131n iyi say\u0131ld\u0131\u011f\u0131na dikkat \u00e7ekti. Ebu Ras \u0130l Tar\u0131m M\u00fcd\u00fcrl\u00fc\u011f\u00fcn\u00fcn yeni ihracat ruhsatlar\u0131 verme ve ihracat\u0131 artt\u0131rma \u00e7abalar\u0131n\u0131n devam &hellip;<\/p>\n","protected":false},"author":1,"featured_media":141923,"comment_status":"closed","ping_status":"closed","sticky":false,"template":"","format":"standard","meta":{"footnotes":""},"categories":[485,486,17988],"tags":[22385,35460,35461,24077,22181,13862],"class_list":["post-141921","post","type-post","status-publish","format-standard","has-post-thumbnail","","category-is-ve-sermaye","category-haberler-is-ve-sermaye","category-son-haberler","tag-elma","tag-elma-ihracati","tag-suriye-elmasi","tag-suriyede-tarim","tag-suriyeliler","tag-suveyda"],"_links":{"self":[{"href":"https:\/\/archive.sana.sy\/tr\/index.php?rest_route=\/wp\/v2\/posts\/141921","targetHints":{"allow":["GET"]}}],"collection":[{"href":"https:\/\/archive.sana.sy\/tr\/index.php?rest_route=\/wp\/v2\/posts"}],"about":[{"href":"https:\/\/archive.sana.sy\/tr\/index.php?rest_route=\/wp\/v2\/types\/post"}],"author":[{"embeddable":true,"href":"https:\/\/archive.sana.sy\/tr\/index.php?rest_route=\/wp\/v2\/users\/1"}],"replies":[{"embeddable":true,"href":"https:\/\/archive.sana.sy\/tr\/index.php?rest_route=%2Fwp%2Fv2%2Fcomments&post=141921"}],"version-history":[{"count":0,"href":"https:\/\/archive.sana.sy\/tr\/index.php?rest_route=\/wp\/v2\/posts\/141921\/revisions"}],"wp:featuredmedia":[{"embeddable":true,"href":"https:\/\/archive.sana.sy\/tr\/index.php?rest_route=\/wp\/v2\/media\/141923"}],"wp:attachment":[{"href":"https:\/\/archive.sana.sy\/tr\/index.php?rest_route=%2Fwp%2Fv2%2Fmedia&parent=141921"}],"wp:term":[{"taxonomy":"category","embeddable":true,"href":"https:\/\/archive.sana.sy\/tr\/index.php?rest_route=%2Fwp%2Fv2%2Fcategories&post=141921"},{"taxonomy":"post_tag","embeddable":true,"href":"https:\/\/archive.sana.sy\/tr\/index.php?rest_route=%2Fwp%2Fv2%2Ftags&post=141921"}],"curies":[{"name":"wp","href":"https:\/\/api.w.org\/{rel}","templated":true}]}}