{"id":14199,"date":"2014-10-30T11:56:55","date_gmt":"2014-10-30T08:56:55","guid":{"rendered":"http:\/\/www.sana.sy\/tr\/?p=14199"},"modified":"2014-10-30T11:56:55","modified_gmt":"2014-10-30T08:56:55","slug":"ajanslar-isvec-disisleri-bakani-margot-wallstrom-ulkesinin-filistin-devletini-tanidigini-ilan-ederek-filistinlilerin-geleceklerini-belirleme-hakkini-belirten-onemli-adim-saydigini-ifade-etti","status":"publish","type":"post","link":"https:\/\/archive.sana.sy\/tr\/?p=14199","title":{"rendered":"Ajanslar, \u0130sve\u00e7 D\u0131\u015fi\u015fleri Bakan\u0131 Margot Wallstr\u00f6m, \u00fclkesinin Filistin Devletini tan\u0131d\u0131\u011f\u0131n\u0131 ilan ederek Filistinlilerin geleceklerini belirleme hakk\u0131n\u0131 belirten \u00f6nemli ad\u0131m sayd\u0131\u011f\u0131n\u0131 ifade etti."},"content":{"rendered":"<p>Ajanslar, \u0130sve\u00e7 D\u0131\u015fi\u015fleri Bakan\u0131 Margot Wallstr\u00f6m, \u00fclkesinin Filistin Devletini tan\u0131d\u0131\u011f\u0131n\u0131 ilan ederek Filistinlilerin geleceklerini belirleme hakk\u0131n\u0131 belirten \u00f6nemli ad\u0131m sayd\u0131\u011f\u0131n\u0131 ifade etti.<\/p>\n","protected":false},"excerpt":{"rendered":"<p>Ajanslar, \u0130sve\u00e7 D\u0131\u015fi\u015fleri Bakan\u0131 Margot Wallstr\u00f6m, \u00fclkesinin Filistin Devletini tan\u0131d\u0131\u011f\u0131n\u0131 ilan ederek Filistinlilerin geleceklerini belirleme hakk\u0131n\u0131 belirten \u00f6nemli ad\u0131m sayd\u0131\u011f\u0131n\u0131 ifade etti.<\/p>\n","protected":false},"author":1,"featured_media":0,"comment_status":"closed","ping_status":"closed","sticky":false,"template":"","format":"standard","meta":{"footnotes":""},"categories":[1],"tags":[4638,4639,4640],"class_list":["post-14199","post","type-post","status-publish","format-standard","","category-news-not-sorted","tag-ajanslar","tag-isvec-disisleri-bakani-margot-wallstrom","tag-ulkesinin-filistin-devletini-tanidigini-ilan-ederek-filistinlilerin-geleceklerini-belirleme-hakkini-belirten-onemli-adim-saydigini-ifade-etti"],"_links":{"self":[{"href":"https:\/\/archive.sana.sy\/tr\/index.php?rest_route=\/wp\/v2\/posts\/14199","targetHints":{"allow":["GET"]}}],"collection":[{"href":"https:\/\/archive.sana.sy\/tr\/index.php?rest_route=\/wp\/v2\/posts"}],"about":[{"href":"https:\/\/archive.sana.sy\/tr\/index.php?rest_route=\/wp\/v2\/types\/post"}],"author":[{"embeddable":true,"href":"https:\/\/archive.sana.sy\/tr\/index.php?rest_route=\/wp\/v2\/users\/1"}],"replies":[{"embeddable":true,"href":"https:\/\/archive.sana.sy\/tr\/index.php?rest_route=%2Fwp%2Fv2%2Fcomments&post=14199"}],"version-history":[{"count":0,"href":"https:\/\/archive.sana.sy\/tr\/index.php?rest_route=\/wp\/v2\/posts\/14199\/revisions"}],"wp:attachment":[{"href":"https:\/\/archive.sana.sy\/tr\/index.php?rest_route=%2Fwp%2Fv2%2Fmedia&parent=14199"}],"wp:term":[{"taxonomy":"category","embeddable":true,"href":"https:\/\/archive.sana.sy\/tr\/index.php?rest_route=%2Fwp%2Fv2%2Fcategories&post=14199"},{"taxonomy":"post_tag","embeddable":true,"href":"https:\/\/archive.sana.sy\/tr\/index.php?rest_route=%2Fwp%2Fv2%2Ftags&post=14199"}],"curies":[{"name":"wp","href":"https:\/\/api.w.org\/{rel}","templated":true}]}}