{"id":14206,"date":"2014-10-30T13:35:58","date_gmt":"2014-10-30T10:35:58","guid":{"rendered":"http:\/\/www.sana.sy\/tr\/?p=14206"},"modified":"2014-10-30T13:35:58","modified_gmt":"2014-10-30T10:35:58","slug":"isid-teroristlerinin-saldirilarini-cokertmeye-devam-ediyorlar","status":"publish","type":"post","link":"https:\/\/archive.sana.sy\/tr\/?p=14206","title":{"rendered":"I\u015e\u0130D Ter\u00f6ristlerinin Sald\u0131r\u0131lar\u0131n\u0131 \u00c7\u00f6kertmeye Devam Ediyorlar"},"content":{"rendered":"<p>HALEP \u2013 Halep k\u0131rsal\u0131n\u0131n Ayn el Arap Kenti ahalisi I\u015e\u0130D ter\u00f6ristlerinin kentlerine sald\u0131r\u0131lar\u0131n\u0131 \u00e7\u00f6kertmeye devam ederken tekfirci ter\u00f6ristleri a\u011f\u0131r kay\u0131plara u\u011fratt\u0131.<\/p>\n<p>Kentte yerel saha kaynaklar\u0131 Halk Koruma G\u00fc\u00e7lerinin d\u00fcn gece T\u00fcrkiye ile s\u0131n\u0131r kap\u0131s\u0131 y\u00f6n\u00fcnde kentin kuzeyine d\u00fc\u015fen G\u00fcmr\u00fck Semtinden sald\u0131ran I\u015e\u0130D \u00e7etelerinin bir sald\u0131r\u0131s\u0131na kar\u015f\u0131 koyarak ter\u00f6ristleri a\u011f\u0131r kay\u0131plara u\u011fratt\u0131klar\u0131n\u0131 belirtti.<\/p>\n<p>\u00c7at\u0131\u015fma alanlar\u0131nda I\u015e\u0130D ter\u00f6ristlerinin cesetlerinin yay\u0131ld\u0131\u011f\u0131na dikkat \u00e7eken kaynaklar; ter\u00f6rist cesetlerinin saatlerce yerde kald\u0131klar\u0131n\u0131 ve kimsenin \u00e7ekmeye yana\u015fmad\u0131\u011f\u0131n\u0131 s\u00f6yledi.<\/p>\n","protected":false},"excerpt":{"rendered":"<p>HALEP \u2013 Halep k\u0131rsal\u0131n\u0131n Ayn el Arap Kenti ahalisi I\u015e\u0130D ter\u00f6ristlerinin kentlerine sald\u0131r\u0131lar\u0131n\u0131 \u00e7\u00f6kertmeye devam ederken tekfirci ter\u00f6ristleri a\u011f\u0131r kay\u0131plara u\u011fratt\u0131. Kentte yerel saha kaynaklar\u0131 Halk Koruma G\u00fc\u00e7lerinin d\u00fcn gece T\u00fcrkiye ile s\u0131n\u0131r kap\u0131s\u0131 y\u00f6n\u00fcnde kentin kuzeyine d\u00fc\u015fen G\u00fcmr\u00fck Semtinden sald\u0131ran I\u015e\u0130D \u00e7etelerinin bir sald\u0131r\u0131s\u0131na kar\u015f\u0131 koyarak ter\u00f6ristleri a\u011f\u0131r kay\u0131plara u\u011fratt\u0131klar\u0131n\u0131 belirtti. \u00c7at\u0131\u015fma alanlar\u0131nda I\u015e\u0130D &hellip;<\/p>\n","protected":false},"author":1,"featured_media":14207,"comment_status":"closed","ping_status":"closed","sticky":false,"template":"","format":"standard","meta":{"footnotes":""},"categories":[479,575,447,478],"tags":[4643],"class_list":["post-14206","post","type-post","status-publish","format-standard","has-post-thumbnail","","category-haberler-yerel","category-olaylar-ve-gercekler","category-politika","category-yerel","tag-isid-teroristlerinin-saldirilarini-cokertmeye-devam-ediyorlar-halep-halep-kirsalinin-ayn-el-arap-kenti-ahalisi-isid-teroristlerinin-kentlerine-saldirilarini-cokertmeye-devam-ederken-tekfirci"],"_links":{"self":[{"href":"https:\/\/archive.sana.sy\/tr\/index.php?rest_route=\/wp\/v2\/posts\/14206","targetHints":{"allow":["GET"]}}],"collection":[{"href":"https:\/\/archive.sana.sy\/tr\/index.php?rest_route=\/wp\/v2\/posts"}],"about":[{"href":"https:\/\/archive.sana.sy\/tr\/index.php?rest_route=\/wp\/v2\/types\/post"}],"author":[{"embeddable":true,"href":"https:\/\/archive.sana.sy\/tr\/index.php?rest_route=\/wp\/v2\/users\/1"}],"replies":[{"embeddable":true,"href":"https:\/\/archive.sana.sy\/tr\/index.php?rest_route=%2Fwp%2Fv2%2Fcomments&post=14206"}],"version-history":[{"count":0,"href":"https:\/\/archive.sana.sy\/tr\/index.php?rest_route=\/wp\/v2\/posts\/14206\/revisions"}],"wp:featuredmedia":[{"embeddable":true,"href":"https:\/\/archive.sana.sy\/tr\/index.php?rest_route=\/wp\/v2\/media\/14207"}],"wp:attachment":[{"href":"https:\/\/archive.sana.sy\/tr\/index.php?rest_route=%2Fwp%2Fv2%2Fmedia&parent=14206"}],"wp:term":[{"taxonomy":"category","embeddable":true,"href":"https:\/\/archive.sana.sy\/tr\/index.php?rest_route=%2Fwp%2Fv2%2Fcategories&post=14206"},{"taxonomy":"post_tag","embeddable":true,"href":"https:\/\/archive.sana.sy\/tr\/index.php?rest_route=%2Fwp%2Fv2%2Ftags&post=14206"}],"curies":[{"name":"wp","href":"https:\/\/api.w.org\/{rel}","templated":true}]}}