{"id":142389,"date":"2018-03-23T13:38:55","date_gmt":"2018-03-23T11:38:55","guid":{"rendered":"https:\/\/www.sana.sy\/tr\/?p=142389"},"modified":"2018-03-25T10:05:28","modified_gmt":"2018-03-25T08:05:28","slug":"kurtulan-anne-teroristleri-ve-destekcilerinin-iddialarini-bir-kez-daha-desifre-etti","status":"publish","type":"post","link":"https:\/\/archive.sana.sy\/tr\/?p=142389","title":{"rendered":"Kurtulan Anne Ter\u00f6ristleri ve Destek\u00e7ilerinin \u0130ddialar\u0131n\u0131 Bir Kez Daha De\u015fifre Etti"},"content":{"rendered":"<p>\u015eAM KIRSALI \u2013 \u015eam k\u0131rsal\u0131 Do\u011fu \u011euta\u2019da bulunan masum sivil vatanda\u015flar\u0131n ter\u00f6r destek\u00e7isi bir k\u0131s\u0131m devletler ve medya ara\u00e7lar\u0131n\u0131n iddialar\u0131n\u0131n tam tersine yeni bir kan\u0131t bug\u00fcn Haresta\u2019dan \u00e7\u0131kmak isteyen bir aileden geldi.<\/p>\n<p>Ordu birliklerimizin sivil vatanda\u015flar\u0131n g\u00fcvenli bir \u015fekilde tahliye edilip bar\u0131nak dahil t\u00fcm temel gereksinimlerinin temin edilmesi amac\u0131yla Haresta B\u00f6lgesinde a\u00e7t\u0131\u011f\u0131 insani koridordan \u00e7\u0131kan bir anne ve \u00e7ocu\u011fu ter\u00f6r \u00f6rg\u00fctleri ve destek\u00e7ilerinin ger\u00e7e\u011fini bir kez daha de\u015fifre etti.<\/p>\n<p>O\u011fluyla birlikte kurtulan anne; insani koridordan \u00e7\u0131kmaya \u00e7al\u0131\u015f\u0131rlarken ter\u00f6ristlerin kendilerini kur\u015fun ya\u011fmuruna tuttuklar\u0131n\u0131 belirtti. Kocas\u0131n\u0131n ter\u00f6r kur\u015funlar\u0131yla ald\u0131\u011f\u0131 isabet nedeniyle ilerleyemedi\u011fini belirten anne; \u00e7ocu\u011fuyla birlikte kendisinin kur\u015fun ya\u011fmuru alt\u0131ndan kurtulmay\u0131 ba\u015fard\u0131\u011f\u0131n\u0131 s\u00f6yledi.<\/p>\n<p>Anne radikal ter\u00f6ristlerin y\u0131llard\u0131r Haresta ve Do\u011fu \u011euta\u2019n\u0131n ba\u015fka b\u00f6lgelerinde masum sivil vatanda\u015flara cehennemi ya\u015fatt\u0131klar\u0131na dikkat \u00e7ekerken, masum vatanda\u015flar\u0131 bu cehennemden kurtarman\u0131n gere\u011fini ifade etti.<\/p>\n","protected":false},"excerpt":{"rendered":"<p>\u015eAM KIRSALI \u2013 \u015eam k\u0131rsal\u0131 Do\u011fu \u011euta\u2019da bulunan masum sivil vatanda\u015flar\u0131n ter\u00f6r destek\u00e7isi bir k\u0131s\u0131m devletler ve medya ara\u00e7lar\u0131n\u0131n iddialar\u0131n\u0131n tam tersine yeni bir kan\u0131t bug\u00fcn Haresta\u2019dan \u00e7\u0131kmak isteyen bir aileden geldi. Ordu birliklerimizin sivil vatanda\u015flar\u0131n g\u00fcvenli bir \u015fekilde tahliye edilip bar\u0131nak dahil t\u00fcm temel gereksinimlerinin temin edilmesi amac\u0131yla Haresta B\u00f6lgesinde a\u00e7t\u0131\u011f\u0131 insani koridordan \u00e7\u0131kan &hellip;<\/p>\n","protected":false},"author":1,"featured_media":142390,"comment_status":"closed","ping_status":"closed","sticky":false,"template":"","format":"standard","meta":{"footnotes":""},"categories":[479,575,17988,478],"tags":[35523,35524,31329,26219,31261,7657],"class_list":["post-142389","post","type-post","status-publish","format-standard","has-post-thumbnail","","category-haberler-yerel","category-olaylar-ve-gercekler","category-son-haberler","category-yerel","tag-bir-anne-ve-cocugu","tag-haresta-bolgesinde","tag-ordu-birliklerimizi","tag-sam-kirsali-dogu-guta","tag-sivil-vatandaslari","tag-teror-orgutleri"],"_links":{"self":[{"href":"https:\/\/archive.sana.sy\/tr\/index.php?rest_route=\/wp\/v2\/posts\/142389","targetHints":{"allow":["GET"]}}],"collection":[{"href":"https:\/\/archive.sana.sy\/tr\/index.php?rest_route=\/wp\/v2\/posts"}],"about":[{"href":"https:\/\/archive.sana.sy\/tr\/index.php?rest_route=\/wp\/v2\/types\/post"}],"author":[{"embeddable":true,"href":"https:\/\/archive.sana.sy\/tr\/index.php?rest_route=\/wp\/v2\/users\/1"}],"replies":[{"embeddable":true,"href":"https:\/\/archive.sana.sy\/tr\/index.php?rest_route=%2Fwp%2Fv2%2Fcomments&post=142389"}],"version-history":[{"count":0,"href":"https:\/\/archive.sana.sy\/tr\/index.php?rest_route=\/wp\/v2\/posts\/142389\/revisions"}],"wp:featuredmedia":[{"embeddable":true,"href":"https:\/\/archive.sana.sy\/tr\/index.php?rest_route=\/wp\/v2\/media\/142390"}],"wp:attachment":[{"href":"https:\/\/archive.sana.sy\/tr\/index.php?rest_route=%2Fwp%2Fv2%2Fmedia&parent=142389"}],"wp:term":[{"taxonomy":"category","embeddable":true,"href":"https:\/\/archive.sana.sy\/tr\/index.php?rest_route=%2Fwp%2Fv2%2Fcategories&post=142389"},{"taxonomy":"post_tag","embeddable":true,"href":"https:\/\/archive.sana.sy\/tr\/index.php?rest_route=%2Fwp%2Fv2%2Ftags&post=142389"}],"curies":[{"name":"wp","href":"https:\/\/api.w.org\/{rel}","templated":true}]}}