{"id":142401,"date":"2018-03-23T09:01:38","date_gmt":"2018-03-23T07:01:38","guid":{"rendered":"https:\/\/www.sana.sy\/tr\/?p=142401"},"modified":"2018-03-25T10:11:10","modified_gmt":"2018-03-25T08:11:10","slug":"suriye-ve-halkina-karsi-siyasi-teror-uyguluyorlar","status":"publish","type":"post","link":"https:\/\/archive.sana.sy\/tr\/?p=142401","title":{"rendered":"Suriye ve Halk\u0131na Kar\u015f\u0131 Siyasi Ter\u00f6r Uyguluyorlar"},"content":{"rendered":"<p>NEW YORK \u2013 Birle\u015fmi\u015f Milletlerde Suriye Daimi Temsilcisi Be\u015f\u015far el Caferi, Bat\u0131l\u0131 devletlerin Birle\u015fmi\u015f Milletler dahilinde ve haricinde Suriye ve halk\u0131na kar\u015f\u0131 siyasi ter\u00f6r uygulad\u0131klar\u0131n\u0131 belirtti.<\/p>\n<p>New York\u2019tan Suriye Uydu Televizyonuyla g\u00f6r\u00fcnt\u00fcl\u00fc ba\u011flant\u0131s\u0131nda Caferi; Bat\u0131l\u0131 devletlerin m\u00fcttefikleriyle birlikte Suriye ve halk\u0131na kar\u015f\u0131 y\u00fcr\u00fctt\u00fckleri muhtelif y\u00f6nl\u00fc sava\u015f kapsam\u0131nda yedi y\u0131ld\u0131r ger\u00e7ekleri \u00e7arp\u0131tma ve Suriye&#8217;ye kar\u015f\u0131 provokasyonda bulunduklar\u0131n\u0131 belirtti. Caferi bu ba\u011flamda her f\u0131rsatta Suriye ve halk\u0131na kar\u015f\u0131 resmi ve gayr\u0131 resmi karar tasar\u0131lar\u0131 haz\u0131rlama, as\u0131ls\u0131z su\u00e7lamalarda bulunma, ger\u00e7ekleri \u00e7arp\u0131tma, uluslar aras\u0131 \u00f6rg\u00fct ve kurumlar\u0131 edat olarak kullanma \u00e7abalar\u0131nda bulunduklar\u0131na dikkat \u00e7ekti.<\/p>\n<p>T\u00fcm bu \u00e7abalar\u0131n Suriye ve halk\u0131na kar\u015f\u0131 sava\u015fta edat olarak kulland\u0131klar\u0131 radikal ter\u00f6re destek, \u00f6rt\u00fc ve provokasyon amac\u0131 ta\u015f\u0131d\u0131\u011f\u0131n\u0131n alt\u0131n\u0131 \u00e7izen Caferi; bu ter\u00f6ristlerin hezimetleri ve yok edilmeleri g\u00f6lgesinde bu yaygaran\u0131n azalaca\u011f\u0131na i\u015faret etti.<\/p>\n<p>Kimyasal silah kullanma konusunda Suriye&#8217;ye bulunduklar\u0131 su\u00e7lamalar konusunda ise Caferi; s\u00f6z konusu bu devletlerin edat olarak kulland\u0131klar\u0131 ter\u00f6ristlerin Suriye ordusu kar\u015f\u0131s\u0131nda a\u011f\u0131r kay\u0131plar\u0131 devam etti\u011fi s\u00fcrece bu as\u0131ls\u0131z iddialar ve su\u00e7lamalar\u0131n devam edece\u011fini s\u00f6yledi.<\/p>\n<p>BM G\u00fcvenlik Konseyinin Ortado\u011fu konusunda toplant\u0131lar d\u00fczenlemesinin Suriye&#8217;nin \u00f6nerisi ve \u00e7abalar\u0131 \u00fczerinde ger\u00e7ekle\u015fti\u011fine dikkat \u00e7eken Caferi; Suriye&#8217;nin bundan amac\u0131n Filistin davas\u0131n\u0131 adil bir \u015fekilde \u00e7\u00f6zmek ve Golan\u2019da \u0130srail i\u015fgaline son vermek oldu\u011funu belirtti. Caferi fakat bir k\u0131s\u0131m k\u00f6rfez \u00fclkelerinin \u0130srail yanl\u0131s\u0131 Bat\u0131l\u0131 devletlerle i\u015fbirli\u011fi i\u00e7inde bu oturumlarda Filistin davas\u0131 ve Arap \u0130srail \u00e7at\u0131\u015fmas\u0131 meselesini sabote edip oturumlar\u0131 Suriye&#8217;ye bask\u0131 ve dayatmalarda bulunma oturumlar\u0131na d\u00f6n\u00fc\u015ft\u00fcrd\u00fcklerinin alt\u0131n\u0131 \u00e7izdi.<\/p>\n<p>Suriye&#8217;deki krizle ili\u015fkili bir k\u0131s\u0131m meseleleri BM genel kurulunda oylamaya sunma konusunda ise Caferi; t\u00fcm bunlar\u0131n g\u00f6vde g\u00f6sterisinden ibaret olup Suriye&#8217;ye daha fazla provokasyon, bask\u0131 ve siyasi dayatmalarda bulunmay\u0131 ama\u00e7lad\u0131\u011f\u0131n\u0131 s\u00f6yledi.<\/p>\n<p>Caferi d\u00fcnyada tek kutuplu sistemin sona erdi\u011fini, Rusya, \u00c7in ve BRICS devletleri ile iki kutuplu bir d\u00fcnya sistemi ba\u015flad\u0131\u011f\u0131na dair \u00f6nemli verilerin bulundu\u011funa dikkat \u00e7ekti.<\/p>\n","protected":false},"excerpt":{"rendered":"<p>NEW YORK \u2013 Birle\u015fmi\u015f Milletlerde Suriye Daimi Temsilcisi Be\u015f\u015far el Caferi, Bat\u0131l\u0131 devletlerin Birle\u015fmi\u015f Milletler dahilinde ve haricinde Suriye ve halk\u0131na kar\u015f\u0131 siyasi ter\u00f6r uygulad\u0131klar\u0131n\u0131 belirtti. New York\u2019tan Suriye Uydu Televizyonuyla g\u00f6r\u00fcnt\u00fcl\u00fc ba\u011flant\u0131s\u0131nda Caferi; Bat\u0131l\u0131 devletlerin m\u00fcttefikleriyle birlikte Suriye ve halk\u0131na kar\u015f\u0131 y\u00fcr\u00fctt\u00fckleri muhtelif y\u00f6nl\u00fc sava\u015f kapsam\u0131nda yedi y\u0131ld\u0131r ger\u00e7ekleri \u00e7arp\u0131tma ve Suriye&#8217;ye kar\u015f\u0131 provokasyonda &hellip;<\/p>\n","protected":false},"author":1,"featured_media":142402,"comment_status":"closed","ping_status":"closed","sticky":false,"template":"","format":"standard","meta":{"footnotes":""},"categories":[458,459,17988],"tags":[28524,26370,16591,35526,2442],"class_list":["post-142401","post","type-post","status-publish","format-standard","has-post-thumbnail","","category-dunya1","category-haberler-arap-uluslararasi-politika","category-son-haberler","tag-birlesmis-milletler","tag-new-york","tag-suriye","tag-suriye-daimi-temsilcisi-bessar-el-caferi","tag-teror"],"_links":{"self":[{"href":"https:\/\/archive.sana.sy\/tr\/index.php?rest_route=\/wp\/v2\/posts\/142401","targetHints":{"allow":["GET"]}}],"collection":[{"href":"https:\/\/archive.sana.sy\/tr\/index.php?rest_route=\/wp\/v2\/posts"}],"about":[{"href":"https:\/\/archive.sana.sy\/tr\/index.php?rest_route=\/wp\/v2\/types\/post"}],"author":[{"embeddable":true,"href":"https:\/\/archive.sana.sy\/tr\/index.php?rest_route=\/wp\/v2\/users\/1"}],"replies":[{"embeddable":true,"href":"https:\/\/archive.sana.sy\/tr\/index.php?rest_route=%2Fwp%2Fv2%2Fcomments&post=142401"}],"version-history":[{"count":0,"href":"https:\/\/archive.sana.sy\/tr\/index.php?rest_route=\/wp\/v2\/posts\/142401\/revisions"}],"wp:featuredmedia":[{"embeddable":true,"href":"https:\/\/archive.sana.sy\/tr\/index.php?rest_route=\/wp\/v2\/media\/142402"}],"wp:attachment":[{"href":"https:\/\/archive.sana.sy\/tr\/index.php?rest_route=%2Fwp%2Fv2%2Fmedia&parent=142401"}],"wp:term":[{"taxonomy":"category","embeddable":true,"href":"https:\/\/archive.sana.sy\/tr\/index.php?rest_route=%2Fwp%2Fv2%2Fcategories&post=142401"},{"taxonomy":"post_tag","embeddable":true,"href":"https:\/\/archive.sana.sy\/tr\/index.php?rest_route=%2Fwp%2Fv2%2Ftags&post=142401"}],"curies":[{"name":"wp","href":"https:\/\/api.w.org\/{rel}","templated":true}]}}