{"id":142525,"date":"2018-03-24T11:00:15","date_gmt":"2018-03-24T09:00:15","guid":{"rendered":"https:\/\/www.sana.sy\/tr\/?p=142525"},"modified":"2018-03-25T10:02:08","modified_gmt":"2018-03-25T08:02:08","slug":"laerke-afrin-halkinin-durumu-dehset-verici","status":"publish","type":"post","link":"https:\/\/archive.sana.sy\/tr\/?p=142525","title":{"rendered":"Laerke: Afrin Halk\u0131n\u0131n Durumu Deh\u015fet Verici"},"content":{"rendered":"<p>CENEVRE \u2013 Birle\u015fmi\u015f Milletler T\u00fcrkiye g\u00fc\u00e7leri ve onlara tabi ter\u00f6ristlerin Halep k\u0131rsal\u0131n\u0131n kuzeyi Afrin B\u00f6lgesine bulunduklar\u0131 sald\u0131r\u0131lar sonucunda 170 binden fazla sivil vatanda\u015f\u0131n evinden bark\u0131ndan olup tehcir edildiklerini belirtirken, b\u00f6lge ahalisinin deh\u015fet verici k\u00f6t\u00fc bir insani durum ya\u015fad\u0131klar\u0131na dikkat \u00e7ekti.<\/p>\n<p>BM \u0130nsani \u0130\u015fler Koordinasyon Ofisi S\u00f6zc\u00fcs\u00fc Jens Laerke Cenevre&#8217;de bas\u0131n mensuplar\u0131na yapt\u0131\u011f\u0131 ve AFP\u2019nin aktard\u0131\u011f\u0131 a\u00e7\u0131klamalar\u0131nda; \u015fu an ki verilere g\u00f6re Afrin B\u00f6lgesine d\u00fc\u015fmanc\u0131 sald\u0131r\u0131lar sonucunda 167 binden fazla sivil vatanda\u015f\u0131n tehcir edildi\u011fini belirtti. Laerke tehcir edilen vatanda\u015flar\u0131n b\u00fcy\u00fck \u00e7o\u011funlu\u011funun Tel Refat B\u00f6lgesine gittiklerini kaydetti.<\/p>\n<p>Afrin Kenti i\u00e7inde hala 50 ila 70 bin sivil vatanda\u015f\u0131n ku\u015fatma alt\u0131nda olduklar\u0131na dikkat \u00e7eken Laerke; sald\u0131rganlar\u0131n kentte onlarca f\u0131r\u0131n, su pompas\u0131, elektrik trafosu, hastane, sa\u011fl\u0131k merkezleri ve baz istasyonlar\u0131n\u0131 imha ettiklerine vurgu yapt\u0131.<\/p>\n","protected":false},"excerpt":{"rendered":"<p>CENEVRE \u2013 Birle\u015fmi\u015f Milletler T\u00fcrkiye g\u00fc\u00e7leri ve onlara tabi ter\u00f6ristlerin Halep k\u0131rsal\u0131n\u0131n kuzeyi Afrin B\u00f6lgesine bulunduklar\u0131 sald\u0131r\u0131lar sonucunda 170 binden fazla sivil vatanda\u015f\u0131n evinden bark\u0131ndan olup tehcir edildiklerini belirtirken, b\u00f6lge ahalisinin deh\u015fet verici k\u00f6t\u00fc bir insani durum ya\u015fad\u0131klar\u0131na dikkat \u00e7ekti. BM \u0130nsani \u0130\u015fler Koordinasyon Ofisi S\u00f6zc\u00fcs\u00fc Jens Laerke Cenevre&#8217;de bas\u0131n mensuplar\u0131na yapt\u0131\u011f\u0131 ve AFP\u2019nin aktard\u0131\u011f\u0131 &hellip;<\/p>\n","protected":false},"author":1,"featured_media":142528,"comment_status":"closed","ping_status":"closed","sticky":false,"template":"","format":"standard","meta":{"footnotes":""},"categories":[17988,2554,2555],"tags":[4096,34542,19897,34554],"class_list":["post-142525","post","type-post","status-publish","format-standard","has-post-thumbnail","","category-son-haberler","category-suriye-ve-dunya","category-suriye-ve-turkiye","tag-afrin","tag-afrin-operasyonu","tag-suriyeli-kurtler","tag-zeytin-dali-operasyonu"],"_links":{"self":[{"href":"https:\/\/archive.sana.sy\/tr\/index.php?rest_route=\/wp\/v2\/posts\/142525","targetHints":{"allow":["GET"]}}],"collection":[{"href":"https:\/\/archive.sana.sy\/tr\/index.php?rest_route=\/wp\/v2\/posts"}],"about":[{"href":"https:\/\/archive.sana.sy\/tr\/index.php?rest_route=\/wp\/v2\/types\/post"}],"author":[{"embeddable":true,"href":"https:\/\/archive.sana.sy\/tr\/index.php?rest_route=\/wp\/v2\/users\/1"}],"replies":[{"embeddable":true,"href":"https:\/\/archive.sana.sy\/tr\/index.php?rest_route=%2Fwp%2Fv2%2Fcomments&post=142525"}],"version-history":[{"count":0,"href":"https:\/\/archive.sana.sy\/tr\/index.php?rest_route=\/wp\/v2\/posts\/142525\/revisions"}],"wp:featuredmedia":[{"embeddable":true,"href":"https:\/\/archive.sana.sy\/tr\/index.php?rest_route=\/wp\/v2\/media\/142528"}],"wp:attachment":[{"href":"https:\/\/archive.sana.sy\/tr\/index.php?rest_route=%2Fwp%2Fv2%2Fmedia&parent=142525"}],"wp:term":[{"taxonomy":"category","embeddable":true,"href":"https:\/\/archive.sana.sy\/tr\/index.php?rest_route=%2Fwp%2Fv2%2Fcategories&post=142525"},{"taxonomy":"post_tag","embeddable":true,"href":"https:\/\/archive.sana.sy\/tr\/index.php?rest_route=%2Fwp%2Fv2%2Ftags&post=142525"}],"curies":[{"name":"wp","href":"https:\/\/api.w.org\/{rel}","templated":true}]}}