{"id":142530,"date":"2018-03-24T12:52:23","date_gmt":"2018-03-24T10:52:23","guid":{"rendered":"https:\/\/www.sana.sy\/tr\/?p=142530"},"modified":"2018-03-25T12:29:49","modified_gmt":"2018-03-25T10:29:49","slug":"teroristlerin-saldirilarinda-8-cocuk-sehit-ve-yarali-dustu","status":"publish","type":"post","link":"https:\/\/archive.sana.sy\/tr\/?p=142530","title":{"rendered":"Do\u011fu \u011euta\u2019daki Ter\u00f6ristler K\u00fc\u00e7\u00fck Futbolcular\u0131 Hedef Ald\u0131 (video)"},"content":{"rendered":"<p>\u015eAM \u2013 Eli kanl\u0131 ter\u00f6ristlerin bug\u00fcn sivil b\u00f6lgeleri hedef alan gaddar f\u00fcze sald\u0131r\u0131lar\u0131nda 8 \u00e7ocuk \u015fehit ve yaral\u0131 d\u00fc\u015ft\u00fc.<a href=\"https:\/\/www.sana.sy\/tr\/wp-content\/uploads\/2018\/03\/2-108.jpg\"><img loading=\"lazy\" decoding=\"async\" class=\"alignright wp-image-142559 size-medium\" src=\"https:\/\/www.sana.sy\/tr\/wp-content\/uploads\/2018\/03\/2-108-300x168.jpg\" alt=\"\" width=\"300\" height=\"168\" srcset=\"https:\/\/archive.sana.sy\/tr\/wp-content\/uploads\/2018\/03\/2-108-300x168.jpg 300w, https:\/\/archive.sana.sy\/tr\/wp-content\/uploads\/2018\/03\/2-108-150x84.jpg 150w, https:\/\/archive.sana.sy\/tr\/wp-content\/uploads\/2018\/03\/2-108.jpg 660w\" sizes=\"auto, (max-width: 300px) 100vw, 300px\" \/><\/a><\/p>\n<p>\u015eam \u0130l Emniyet M\u00fcd\u00fcrl\u00fc\u011f\u00fcnde bir kaynak; \u015eam k\u0131rsal\u0131 Do\u011fu \u011euta\u2019n\u0131n arta kalan b\u00f6lgelerinde bulunan radikal ter\u00f6ristlerin bug\u00fcn sabah saatlerinde ba\u015fkent \u015eam\u2019\u0131n Feyha Semtinde bulunan Feyha Stad\u0131n\u0131 bir f\u00fczeyle hedef ald\u0131klar\u0131n\u0131 belirtti. Kaynak gaddar ter\u00f6r sald\u0131r\u0131s\u0131nda 1 \u00e7ocu\u011fun \u015fehit, 7 \u00e7ocu\u011fun yaral\u0131 d\u00fc\u015ft\u00fc\u011f\u00fcn\u00fc aktar\u0131rken, statta b\u00fcy\u00fck maddi hasar meydana geldi\u011fini s\u00f6yledi.<\/p>\n<p>Cey\u015f Futbol Kul\u00fcb\u00fc Ba\u015fkan\u0131 Muhsin Abbas SANA\u2019ya yapt\u0131\u011f\u0131 a\u00e7\u0131klamada; kul\u00fcb\u00fcn \u00e7ocuk tak\u0131m\u0131n\u0131n statta e\u011fitimleri esnas\u0131nda ter\u00f6ristlerin sald\u0131rd\u0131klar\u0131n\u0131 belirtti.<\/p>\n<p>Abbas sald\u0131r\u0131da \u00e7ocuk tak\u0131m\u0131 oyuncular\u0131ndan 12 ya\u015flar\u0131ndaki Semir Muhammed Mesud\u2019un \u015fehit d\u00fc\u015ft\u00fc\u011f\u00fcn\u00fc, yedi \u00e7ocuk futbolcunun da yaraland\u0131klar\u0131na dikkat \u00e7ekti. \u015eehit d\u00fc\u015fen ve yaralanan \u00e7ocuk futbolcular\u0131n \u00fcst\u00fcn yetenekleriyle bilindiklerine dikkat \u00e7eken Abbas; yaralananlar\u0131n bir k\u0131sm\u0131n\u0131n durumu a\u011f\u0131r oldu\u011funu s\u00f6yledi.<\/p>\n<p>https:\/\/www.youtube.com\/watch?v=EVk0B_rV_-I<\/p>\n<p>&nbsp;<\/p>\n<div id='gallery-1' class='gallery galleryid-142530 gallery-columns-5 gallery-size-thumbnail'><figure class='gallery-item'>\n\t\t\t<div class='gallery-icon landscape'>\n\t\t\t\t<a href='https:\/\/archive.sana.sy\/tr\/wp-content\/uploads\/2018\/03\/7-16.jpg'><img loading=\"lazy\" decoding=\"async\" width=\"150\" height=\"100\" src=\"https:\/\/archive.sana.sy\/tr\/wp-content\/uploads\/2018\/03\/7-16-150x100.jpg\" class=\"attachment-thumbnail size-thumbnail\" alt=\"\" srcset=\"https:\/\/archive.sana.sy\/tr\/wp-content\/uploads\/2018\/03\/7-16-150x100.jpg 150w, https:\/\/archive.sana.sy\/tr\/wp-content\/uploads\/2018\/03\/7-16-300x200.jpg 300w, https:\/\/archive.sana.sy\/tr\/wp-content\/uploads\/2018\/03\/7-16-768x511.jpg 768w, https:\/\/archive.sana.sy\/tr\/wp-content\/uploads\/2018\/03\/7-16-1024x681.jpg 1024w, https:\/\/archive.sana.sy\/tr\/wp-content\/uploads\/2018\/03\/7-16-310x205.jpg 310w, https:\/\/archive.sana.sy\/tr\/wp-content\/uploads\/2018\/03\/7-16.jpg 1200w\" sizes=\"auto, (max-width: 150px) 100vw, 150px\" \/><\/a>\n\t\t\t<\/div><\/figure><figure class='gallery-item'>\n\t\t\t<div class='gallery-icon landscape'>\n\t\t\t\t<a href='https:\/\/archive.sana.sy\/tr\/wp-content\/uploads\/2018\/03\/1-220.jpg'><img loading=\"lazy\" decoding=\"async\" width=\"150\" height=\"100\" src=\"https:\/\/archive.sana.sy\/tr\/wp-content\/uploads\/2018\/03\/1-220-150x100.jpg\" class=\"attachment-thumbnail size-thumbnail\" alt=\"\" srcset=\"https:\/\/archive.sana.sy\/tr\/wp-content\/uploads\/2018\/03\/1-220-150x100.jpg 150w, https:\/\/archive.sana.sy\/tr\/wp-content\/uploads\/2018\/03\/1-220-300x200.jpg 300w, https:\/\/archive.sana.sy\/tr\/wp-content\/uploads\/2018\/03\/1-220-768x511.jpg 768w, https:\/\/archive.sana.sy\/tr\/wp-content\/uploads\/2018\/03\/1-220-1024x681.jpg 1024w, https:\/\/archive.sana.sy\/tr\/wp-content\/uploads\/2018\/03\/1-220-310x205.jpg 310w, https:\/\/archive.sana.sy\/tr\/wp-content\/uploads\/2018\/03\/1-220.jpg 1200w\" sizes=\"auto, (max-width: 150px) 100vw, 150px\" \/><\/a>\n\t\t\t<\/div><\/figure><figure class='gallery-item'>\n\t\t\t<div class='gallery-icon landscape'>\n\t\t\t\t<a href='https:\/\/archive.sana.sy\/tr\/wp-content\/uploads\/2018\/03\/4-51.jpg'><img loading=\"lazy\" decoding=\"async\" width=\"150\" height=\"100\" src=\"https:\/\/archive.sana.sy\/tr\/wp-content\/uploads\/2018\/03\/4-51-150x100.jpg\" class=\"attachment-thumbnail size-thumbnail\" alt=\"\" srcset=\"https:\/\/archive.sana.sy\/tr\/wp-content\/uploads\/2018\/03\/4-51-150x100.jpg 150w, https:\/\/archive.sana.sy\/tr\/wp-content\/uploads\/2018\/03\/4-51-300x200.jpg 300w, https:\/\/archive.sana.sy\/tr\/wp-content\/uploads\/2018\/03\/4-51-768x511.jpg 768w, https:\/\/archive.sana.sy\/tr\/wp-content\/uploads\/2018\/03\/4-51-1024x681.jpg 1024w, https:\/\/archive.sana.sy\/tr\/wp-content\/uploads\/2018\/03\/4-51-310x205.jpg 310w, https:\/\/archive.sana.sy\/tr\/wp-content\/uploads\/2018\/03\/4-51.jpg 1200w\" sizes=\"auto, (max-width: 150px) 100vw, 150px\" \/><\/a>\n\t\t\t<\/div><\/figure><figure class='gallery-item'>\n\t\t\t<div class='gallery-icon landscape'>\n\t\t\t\t<a href='https:\/\/archive.sana.sy\/tr\/wp-content\/uploads\/2018\/03\/5-36.jpg'><img loading=\"lazy\" decoding=\"async\" width=\"150\" height=\"100\" src=\"https:\/\/archive.sana.sy\/tr\/wp-content\/uploads\/2018\/03\/5-36-150x100.jpg\" class=\"attachment-thumbnail size-thumbnail\" alt=\"\" srcset=\"https:\/\/archive.sana.sy\/tr\/wp-content\/uploads\/2018\/03\/5-36-150x100.jpg 150w, https:\/\/archive.sana.sy\/tr\/wp-content\/uploads\/2018\/03\/5-36-300x200.jpg 300w, https:\/\/archive.sana.sy\/tr\/wp-content\/uploads\/2018\/03\/5-36-768x511.jpg 768w, https:\/\/archive.sana.sy\/tr\/wp-content\/uploads\/2018\/03\/5-36-1024x681.jpg 1024w, https:\/\/archive.sana.sy\/tr\/wp-content\/uploads\/2018\/03\/5-36-310x205.jpg 310w, https:\/\/archive.sana.sy\/tr\/wp-content\/uploads\/2018\/03\/5-36.jpg 1200w\" sizes=\"auto, (max-width: 150px) 100vw, 150px\" \/><\/a>\n\t\t\t<\/div><\/figure><figure class='gallery-item'>\n\t\t\t<div class='gallery-icon landscape'>\n\t\t\t\t<a href='https:\/\/archive.sana.sy\/tr\/wp-content\/uploads\/2018\/03\/6-22.jpg'><img loading=\"lazy\" decoding=\"async\" width=\"150\" height=\"100\" src=\"https:\/\/archive.sana.sy\/tr\/wp-content\/uploads\/2018\/03\/6-22-150x100.jpg\" class=\"attachment-thumbnail size-thumbnail\" alt=\"\" srcset=\"https:\/\/archive.sana.sy\/tr\/wp-content\/uploads\/2018\/03\/6-22-150x100.jpg 150w, https:\/\/archive.sana.sy\/tr\/wp-content\/uploads\/2018\/03\/6-22-300x200.jpg 300w, https:\/\/archive.sana.sy\/tr\/wp-content\/uploads\/2018\/03\/6-22-768x511.jpg 768w, https:\/\/archive.sana.sy\/tr\/wp-content\/uploads\/2018\/03\/6-22-1024x681.jpg 1024w, https:\/\/archive.sana.sy\/tr\/wp-content\/uploads\/2018\/03\/6-22-310x205.jpg 310w, https:\/\/archive.sana.sy\/tr\/wp-content\/uploads\/2018\/03\/6-22.jpg 1200w\" sizes=\"auto, (max-width: 150px) 100vw, 150px\" \/><\/a>\n\t\t\t<\/div><\/figure>\n\t\t<\/div>\n\n","protected":false},"excerpt":{"rendered":"<p>\u015eAM \u2013 Eli kanl\u0131 ter\u00f6ristlerin bug\u00fcn sivil b\u00f6lgeleri hedef alan gaddar f\u00fcze sald\u0131r\u0131lar\u0131nda 8 \u00e7ocuk \u015fehit ve yaral\u0131 d\u00fc\u015ft\u00fc. \u015eam \u0130l Emniyet M\u00fcd\u00fcrl\u00fc\u011f\u00fcnde bir kaynak; \u015eam k\u0131rsal\u0131 Do\u011fu \u011euta\u2019n\u0131n arta kalan b\u00f6lgelerinde bulunan radikal ter\u00f6ristlerin bug\u00fcn sabah saatlerinde ba\u015fkent \u015eam\u2019\u0131n Feyha Semtinde bulunan Feyha Stad\u0131n\u0131 bir f\u00fczeyle hedef ald\u0131klar\u0131n\u0131 belirtti. Kaynak gaddar ter\u00f6r sald\u0131r\u0131s\u0131nda 1 &hellip;<\/p>\n","protected":false},"author":1,"featured_media":142609,"comment_status":"closed","ping_status":"closed","sticky":false,"template":"","format":"standard","meta":{"footnotes":""},"categories":[596,479,575,17988,478],"tags":[17322,35244,2755,2297,18174,24111,16591,19034,22181],"class_list":["post-142530","post","type-post","status-publish","format-standard","has-post-thumbnail","","category-fotografli-raporlar","category-haberler-yerel","category-olaylar-ve-gercekler","category-son-haberler","category-yerel","tag-dogu-guta","tag-guta","tag-sam","tag-sam-kirsali","tag-sivillere-saldiri","tag-sivilleri-bombaladi","tag-suriye","tag-suriyeli-muhalifler","tag-suriyeliler"],"_links":{"self":[{"href":"https:\/\/archive.sana.sy\/tr\/index.php?rest_route=\/wp\/v2\/posts\/142530","targetHints":{"allow":["GET"]}}],"collection":[{"href":"https:\/\/archive.sana.sy\/tr\/index.php?rest_route=\/wp\/v2\/posts"}],"about":[{"href":"https:\/\/archive.sana.sy\/tr\/index.php?rest_route=\/wp\/v2\/types\/post"}],"author":[{"embeddable":true,"href":"https:\/\/archive.sana.sy\/tr\/index.php?rest_route=\/wp\/v2\/users\/1"}],"replies":[{"embeddable":true,"href":"https:\/\/archive.sana.sy\/tr\/index.php?rest_route=%2Fwp%2Fv2%2Fcomments&post=142530"}],"version-history":[{"count":0,"href":"https:\/\/archive.sana.sy\/tr\/index.php?rest_route=\/wp\/v2\/posts\/142530\/revisions"}],"wp:featuredmedia":[{"embeddable":true,"href":"https:\/\/archive.sana.sy\/tr\/index.php?rest_route=\/wp\/v2\/media\/142609"}],"wp:attachment":[{"href":"https:\/\/archive.sana.sy\/tr\/index.php?rest_route=%2Fwp%2Fv2%2Fmedia&parent=142530"}],"wp:term":[{"taxonomy":"category","embeddable":true,"href":"https:\/\/archive.sana.sy\/tr\/index.php?rest_route=%2Fwp%2Fv2%2Fcategories&post=142530"},{"taxonomy":"post_tag","embeddable":true,"href":"https:\/\/archive.sana.sy\/tr\/index.php?rest_route=%2Fwp%2Fv2%2Ftags&post=142530"}],"curies":[{"name":"wp","href":"https:\/\/api.w.org\/{rel}","templated":true}]}}