{"id":142531,"date":"2018-03-24T12:54:10","date_gmt":"2018-03-24T10:54:10","guid":{"rendered":"https:\/\/www.sana.sy\/tr\/?p=142531"},"modified":"2018-03-24T12:54:10","modified_gmt":"2018-03-24T10:54:10","slug":"askeri-bir-kaynak-sanaya-aciklamasinda-ordu-birliklerimizin-sam-kirsali-dogu-gutanin-ayn-terma-beldesinde-radikal-teroristlerin-kullandiklari-buyuk-bir-tunel-sebekesi-bulduklarini-be","status":"publish","type":"post","link":"https:\/\/archive.sana.sy\/tr\/?p=142531","title":{"rendered":"Askeri bir kaynak SANA\u2019ya a\u00e7\u0131klamas\u0131nda ordu birliklerimizin \u015eam k\u0131rsal\u0131 Do\u011fu \u011euta\u2019n\u0131n Ayn Terma Beldesinde radikal ter\u00f6ristlerin kulland\u0131klar\u0131 b\u00fcy\u00fck bir t\u00fcnel \u015febekesi bulduklar\u0131n\u0131 belirtti"},"content":{"rendered":"<p>Askeri bir kaynak SANA\u2019ya a\u00e7\u0131klamas\u0131nda ordu birliklerimizin \u015eam k\u0131rsal\u0131 Do\u011fu \u011euta\u2019n\u0131n Ayn Terma Beldesinde radikal ter\u00f6ristlerin kulland\u0131klar\u0131 b\u00fcy\u00fck bir t\u00fcnel \u015febekesi bulduklar\u0131n\u0131 belirtti<\/p>\n","protected":false},"excerpt":{"rendered":"<p>Askeri bir kaynak SANA\u2019ya a\u00e7\u0131klamas\u0131nda ordu birliklerimizin \u015eam k\u0131rsal\u0131 Do\u011fu \u011euta\u2019n\u0131n Ayn Terma Beldesinde radikal ter\u00f6ristlerin kulland\u0131klar\u0131 b\u00fcy\u00fck bir t\u00fcnel \u015febekesi bulduklar\u0131n\u0131 belirtti<\/p>\n","protected":false},"author":1,"featured_media":0,"comment_status":"closed","ping_status":"closed","sticky":false,"template":"","format":"standard","meta":{"footnotes":""},"categories":[17991],"tags":[],"class_list":["post-142531","post","type-post","status-publish","format-standard","","category-son-dakika"],"_links":{"self":[{"href":"https:\/\/archive.sana.sy\/tr\/index.php?rest_route=\/wp\/v2\/posts\/142531","targetHints":{"allow":["GET"]}}],"collection":[{"href":"https:\/\/archive.sana.sy\/tr\/index.php?rest_route=\/wp\/v2\/posts"}],"about":[{"href":"https:\/\/archive.sana.sy\/tr\/index.php?rest_route=\/wp\/v2\/types\/post"}],"author":[{"embeddable":true,"href":"https:\/\/archive.sana.sy\/tr\/index.php?rest_route=\/wp\/v2\/users\/1"}],"replies":[{"embeddable":true,"href":"https:\/\/archive.sana.sy\/tr\/index.php?rest_route=%2Fwp%2Fv2%2Fcomments&post=142531"}],"version-history":[{"count":0,"href":"https:\/\/archive.sana.sy\/tr\/index.php?rest_route=\/wp\/v2\/posts\/142531\/revisions"}],"wp:attachment":[{"href":"https:\/\/archive.sana.sy\/tr\/index.php?rest_route=%2Fwp%2Fv2%2Fmedia&parent=142531"}],"wp:term":[{"taxonomy":"category","embeddable":true,"href":"https:\/\/archive.sana.sy\/tr\/index.php?rest_route=%2Fwp%2Fv2%2Fcategories&post=142531"},{"taxonomy":"post_tag","embeddable":true,"href":"https:\/\/archive.sana.sy\/tr\/index.php?rest_route=%2Fwp%2Fv2%2Ftags&post=142531"}],"curies":[{"name":"wp","href":"https:\/\/api.w.org\/{rel}","templated":true}]}}