{"id":142535,"date":"2018-03-24T12:30:44","date_gmt":"2018-03-24T10:30:44","guid":{"rendered":"https:\/\/www.sana.sy\/tr\/?p=142535"},"modified":"2018-03-25T10:02:32","modified_gmt":"2018-03-25T08:02:32","slug":"gerasimov-suriyedeki-savas-yeni-nesil-bir-savastir","status":"publish","type":"post","link":"https:\/\/archive.sana.sy\/tr\/?p=142535","title":{"rendered":"Gerasimov: Suriye&#8217;deki Sava\u015f Yeni Nesil Bir Sava\u015ft\u0131r"},"content":{"rendered":"<p>MOSKOVA \u2013 Rusya Genelkurmay Ba\u015fkan\u0131 General Valery Gerasimov; Suriye&#8217;de bulunan ve muhtelif isimler alt\u0131nda faaliyet g\u00f6steren t\u00fcm silahl\u0131 ter\u00f6r \u00f6rg\u00fctlerin Suriye d\u0131\u015f\u0131ndan komuta edilip onlara finans ve silah temin edildi\u011fini belirtti.<\/p>\n<p>Rusya Genelkurmayl\u0131\u011f\u0131na tabi sava\u015f akademisinin uygulamal\u0131 askeri bir panelinde konu\u015fan General Gerasimov; Suriye&#8217;nin ge\u00e7en yedi y\u0131l i\u00e7inde varl\u0131\u011f\u0131n\u0131 hedef alan ve vekaletle y\u00fcr\u00fct\u00fclen bir sava\u015fa maruz kald\u0131\u011f\u0131na dikkat \u00e7ekti. Gerasimov Suriye ve halk\u0131na d\u00fc\u015fman devletlerin direk bula\u015fmadan ter\u00f6r\u00fc edat olarak kullan\u0131p gizli sald\u0131r\u0131larda bulunduklar\u0131n\u0131 kaydetti.<\/p>\n<p>Bir k\u0131s\u0131m devletlerin halk protestolar\u0131 ve halk devrimi ad\u0131 alt\u0131nda Suriye&#8217;de radikal ter\u00f6r \u00f6rg\u00fctlere finans ve silah temin edip komuta ettiklerini belirten Gerasimov; askeri uzmanlar\u0131n Suriye&#8217;de d\u00f6nen sava\u015f\u0131 yeni nesil sava\u015f olarak nitelendirdiklerini ifade etti.<\/p>\n","protected":false},"excerpt":{"rendered":"<p>MOSKOVA \u2013 Rusya Genelkurmay Ba\u015fkan\u0131 General Valery Gerasimov; Suriye&#8217;de bulunan ve muhtelif isimler alt\u0131nda faaliyet g\u00f6steren t\u00fcm silahl\u0131 ter\u00f6r \u00f6rg\u00fctlerin Suriye d\u0131\u015f\u0131ndan komuta edilip onlara finans ve silah temin edildi\u011fini belirtti. Rusya Genelkurmayl\u0131\u011f\u0131na tabi sava\u015f akademisinin uygulamal\u0131 askeri bir panelinde konu\u015fan General Gerasimov; Suriye&#8217;nin ge\u00e7en yedi y\u0131l i\u00e7inde varl\u0131\u011f\u0131n\u0131 hedef alan ve vekaletle y\u00fcr\u00fct\u00fclen bir &hellip;<\/p>\n","protected":false},"author":1,"featured_media":142537,"comment_status":"closed","ping_status":"closed","sticky":false,"template":"","format":"standard","meta":{"footnotes":""},"categories":[458,459,17988],"tags":[35541,16592,35542,25447,19034,19389,33150,35540],"class_list":["post-142535","post","type-post","status-publish","format-standard","has-post-thumbnail","","category-dunya1","category-haberler-arap-uluslararasi-politika","category-son-haberler","tag-genel-kurmay-baskani","tag-rusya","tag-suriye-dusmanlari","tag-suriye-savasi","tag-suriyeli-muhalifler","tag-terore-destek","tag-valery-gerasimov","tag-yeni-nesil-savas"],"_links":{"self":[{"href":"https:\/\/archive.sana.sy\/tr\/index.php?rest_route=\/wp\/v2\/posts\/142535","targetHints":{"allow":["GET"]}}],"collection":[{"href":"https:\/\/archive.sana.sy\/tr\/index.php?rest_route=\/wp\/v2\/posts"}],"about":[{"href":"https:\/\/archive.sana.sy\/tr\/index.php?rest_route=\/wp\/v2\/types\/post"}],"author":[{"embeddable":true,"href":"https:\/\/archive.sana.sy\/tr\/index.php?rest_route=\/wp\/v2\/users\/1"}],"replies":[{"embeddable":true,"href":"https:\/\/archive.sana.sy\/tr\/index.php?rest_route=%2Fwp%2Fv2%2Fcomments&post=142535"}],"version-history":[{"count":0,"href":"https:\/\/archive.sana.sy\/tr\/index.php?rest_route=\/wp\/v2\/posts\/142535\/revisions"}],"wp:featuredmedia":[{"embeddable":true,"href":"https:\/\/archive.sana.sy\/tr\/index.php?rest_route=\/wp\/v2\/media\/142537"}],"wp:attachment":[{"href":"https:\/\/archive.sana.sy\/tr\/index.php?rest_route=%2Fwp%2Fv2%2Fmedia&parent=142535"}],"wp:term":[{"taxonomy":"category","embeddable":true,"href":"https:\/\/archive.sana.sy\/tr\/index.php?rest_route=%2Fwp%2Fv2%2Fcategories&post=142535"},{"taxonomy":"post_tag","embeddable":true,"href":"https:\/\/archive.sana.sy\/tr\/index.php?rest_route=%2Fwp%2Fv2%2Ftags&post=142535"}],"curies":[{"name":"wp","href":"https:\/\/api.w.org\/{rel}","templated":true}]}}