{"id":142536,"date":"2018-03-24T11:30:49","date_gmt":"2018-03-24T09:30:49","guid":{"rendered":"https:\/\/www.sana.sy\/tr\/?p=142536"},"modified":"2018-03-24T13:05:12","modified_gmt":"2018-03-24T11:05:12","slug":"eli-kanli-teroristlerin-bugun-sivil-bolgeleri-hedef-alan-gaddar-fuze-saldirilarinda-8-cocuk-sehit-ve-yarali-dustu","status":"publish","type":"post","link":"https:\/\/archive.sana.sy\/tr\/?p=142536","title":{"rendered":"Eli kanl\u0131 ter\u00f6ristlerin bug\u00fcn sivil b\u00f6lgeleri hedef alan gaddar f\u00fcze sald\u0131r\u0131lar\u0131nda 8 \u00e7ocuk \u015fehit ve yaral\u0131 d\u00fc\u015ft\u00fc"},"content":{"rendered":"<p>Eli kanl\u0131 ter\u00f6ristlerin bug\u00fcn sivil b\u00f6lgeleri hedef alan gaddar f\u00fcze sald\u0131r\u0131lar\u0131nda 8 \u00e7ocuk \u015fehit ve yaral\u0131 d\u00fc\u015ft\u00fc<\/p>\n","protected":false},"excerpt":{"rendered":"<p>Eli kanl\u0131 ter\u00f6ristlerin bug\u00fcn sivil b\u00f6lgeleri hedef alan gaddar f\u00fcze sald\u0131r\u0131lar\u0131nda 8 \u00e7ocuk \u015fehit ve yaral\u0131 d\u00fc\u015ft\u00fc<\/p>\n","protected":false},"author":1,"featured_media":0,"comment_status":"closed","ping_status":"closed","sticky":false,"template":"","format":"standard","meta":{"footnotes":""},"categories":[17991],"tags":[],"class_list":["post-142536","post","type-post","status-publish","format-standard","","category-son-dakika"],"_links":{"self":[{"href":"https:\/\/archive.sana.sy\/tr\/index.php?rest_route=\/wp\/v2\/posts\/142536","targetHints":{"allow":["GET"]}}],"collection":[{"href":"https:\/\/archive.sana.sy\/tr\/index.php?rest_route=\/wp\/v2\/posts"}],"about":[{"href":"https:\/\/archive.sana.sy\/tr\/index.php?rest_route=\/wp\/v2\/types\/post"}],"author":[{"embeddable":true,"href":"https:\/\/archive.sana.sy\/tr\/index.php?rest_route=\/wp\/v2\/users\/1"}],"replies":[{"embeddable":true,"href":"https:\/\/archive.sana.sy\/tr\/index.php?rest_route=%2Fwp%2Fv2%2Fcomments&post=142536"}],"version-history":[{"count":0,"href":"https:\/\/archive.sana.sy\/tr\/index.php?rest_route=\/wp\/v2\/posts\/142536\/revisions"}],"wp:attachment":[{"href":"https:\/\/archive.sana.sy\/tr\/index.php?rest_route=%2Fwp%2Fv2%2Fmedia&parent=142536"}],"wp:term":[{"taxonomy":"category","embeddable":true,"href":"https:\/\/archive.sana.sy\/tr\/index.php?rest_route=%2Fwp%2Fv2%2Fcategories&post=142536"},{"taxonomy":"post_tag","embeddable":true,"href":"https:\/\/archive.sana.sy\/tr\/index.php?rest_route=%2Fwp%2Fv2%2Ftags&post=142536"}],"curies":[{"name":"wp","href":"https:\/\/api.w.org\/{rel}","templated":true}]}}