{"id":142539,"date":"2018-03-24T12:40:01","date_gmt":"2018-03-24T10:40:01","guid":{"rendered":"https:\/\/www.sana.sy\/tr\/?p=142539"},"modified":"2018-03-24T13:07:24","modified_gmt":"2018-03-24T11:07:24","slug":"askeri-bir-kaynak-sam-kirsali-dogu-gutada-yillardir-radikal-teroristlerin-rehine-alip-canli-kalkan-olarak-kullandiklari-masum-sivil-vatandaslardan-105-binden-fazla-insanin-kurtarildigini-beli","status":"publish","type":"post","link":"https:\/\/archive.sana.sy\/tr\/?p=142539","title":{"rendered":"Askeri bir kaynak \u015eam k\u0131rsal\u0131 Do\u011fu \u011euta\u2019da y\u0131llard\u0131r radikal ter\u00f6ristlerin rehine al\u0131p canl\u0131 kalkan olarak kulland\u0131klar\u0131 masum sivil vatanda\u015flardan 105 binden fazla insan\u0131n kurtar\u0131ld\u0131\u011f\u0131n\u0131 belirtti"},"content":{"rendered":"<p>Askeri bir kaynak \u015eam k\u0131rsal\u0131 Do\u011fu \u011euta\u2019da y\u0131llard\u0131r radikal ter\u00f6ristlerin rehine al\u0131p canl\u0131 kalkan olarak kulland\u0131klar\u0131 masum sivil vatanda\u015flardan 105 binden fazla insan\u0131n kurtar\u0131ld\u0131\u011f\u0131n\u0131 belirtti<\/p>\n","protected":false},"excerpt":{"rendered":"<p>Askeri bir kaynak \u015eam k\u0131rsal\u0131 Do\u011fu \u011euta\u2019da y\u0131llard\u0131r radikal ter\u00f6ristlerin rehine al\u0131p canl\u0131 kalkan olarak kulland\u0131klar\u0131 masum sivil vatanda\u015flardan 105 binden fazla insan\u0131n kurtar\u0131ld\u0131\u011f\u0131n\u0131 belirtti<\/p>\n","protected":false},"author":1,"featured_media":0,"comment_status":"closed","ping_status":"closed","sticky":false,"template":"","format":"standard","meta":{"footnotes":""},"categories":[17991],"tags":[],"class_list":["post-142539","post","type-post","status-publish","format-standard","","category-son-dakika"],"_links":{"self":[{"href":"https:\/\/archive.sana.sy\/tr\/index.php?rest_route=\/wp\/v2\/posts\/142539","targetHints":{"allow":["GET"]}}],"collection":[{"href":"https:\/\/archive.sana.sy\/tr\/index.php?rest_route=\/wp\/v2\/posts"}],"about":[{"href":"https:\/\/archive.sana.sy\/tr\/index.php?rest_route=\/wp\/v2\/types\/post"}],"author":[{"embeddable":true,"href":"https:\/\/archive.sana.sy\/tr\/index.php?rest_route=\/wp\/v2\/users\/1"}],"replies":[{"embeddable":true,"href":"https:\/\/archive.sana.sy\/tr\/index.php?rest_route=%2Fwp%2Fv2%2Fcomments&post=142539"}],"version-history":[{"count":0,"href":"https:\/\/archive.sana.sy\/tr\/index.php?rest_route=\/wp\/v2\/posts\/142539\/revisions"}],"wp:attachment":[{"href":"https:\/\/archive.sana.sy\/tr\/index.php?rest_route=%2Fwp%2Fv2%2Fmedia&parent=142539"}],"wp:term":[{"taxonomy":"category","embeddable":true,"href":"https:\/\/archive.sana.sy\/tr\/index.php?rest_route=%2Fwp%2Fv2%2Fcategories&post=142539"},{"taxonomy":"post_tag","embeddable":true,"href":"https:\/\/archive.sana.sy\/tr\/index.php?rest_route=%2Fwp%2Fv2%2Ftags&post=142539"}],"curies":[{"name":"wp","href":"https:\/\/api.w.org\/{rel}","templated":true}]}}