{"id":142541,"date":"2018-03-24T13:00:12","date_gmt":"2018-03-24T11:00:12","guid":{"rendered":"https:\/\/www.sana.sy\/tr\/?p=142541"},"modified":"2018-03-24T13:11:35","modified_gmt":"2018-03-24T11:11:35","slug":"askeri-kaynak-bugun-vafidin-bolgesindeki-insani-koridor-uzerinden-dogu-gutada-buluna-teror-magduru-sivillerden-700den-fazla-kisinin-tahliye-edildiklerini-belirtti","status":"publish","type":"post","link":"https:\/\/archive.sana.sy\/tr\/?p=142541","title":{"rendered":"Askeri kaynak bug\u00fcn Vafidin B\u00f6lgesindeki insani koridor \u00fczerinden Do\u011fu \u011euta\u2019da buluna ter\u00f6r ma\u011fduru sivillerden 700\u2019den fazla ki\u015finin tahliye edildiklerini belirtti"},"content":{"rendered":"<p>Askeri kaynak bug\u00fcn Vafidin B\u00f6lgesindeki insani koridor \u00fczerinden Do\u011fu \u011euta\u2019da buluna ter\u00f6r ma\u011fduru sivillerden 700\u2019den fazla ki\u015finin tahliye edildiklerini belirtti<\/p>\n","protected":false},"excerpt":{"rendered":"<p>Askeri kaynak bug\u00fcn Vafidin B\u00f6lgesindeki insani koridor \u00fczerinden Do\u011fu \u011euta\u2019da buluna ter\u00f6r ma\u011fduru sivillerden 700\u2019den fazla ki\u015finin tahliye edildiklerini belirtti<\/p>\n","protected":false},"author":1,"featured_media":0,"comment_status":"closed","ping_status":"closed","sticky":false,"template":"","format":"standard","meta":{"footnotes":""},"categories":[1],"tags":[],"class_list":["post-142541","post","type-post","status-publish","format-standard","","category-news-not-sorted"],"_links":{"self":[{"href":"https:\/\/archive.sana.sy\/tr\/index.php?rest_route=\/wp\/v2\/posts\/142541","targetHints":{"allow":["GET"]}}],"collection":[{"href":"https:\/\/archive.sana.sy\/tr\/index.php?rest_route=\/wp\/v2\/posts"}],"about":[{"href":"https:\/\/archive.sana.sy\/tr\/index.php?rest_route=\/wp\/v2\/types\/post"}],"author":[{"embeddable":true,"href":"https:\/\/archive.sana.sy\/tr\/index.php?rest_route=\/wp\/v2\/users\/1"}],"replies":[{"embeddable":true,"href":"https:\/\/archive.sana.sy\/tr\/index.php?rest_route=%2Fwp%2Fv2%2Fcomments&post=142541"}],"version-history":[{"count":0,"href":"https:\/\/archive.sana.sy\/tr\/index.php?rest_route=\/wp\/v2\/posts\/142541\/revisions"}],"wp:attachment":[{"href":"https:\/\/archive.sana.sy\/tr\/index.php?rest_route=%2Fwp%2Fv2%2Fmedia&parent=142541"}],"wp:term":[{"taxonomy":"category","embeddable":true,"href":"https:\/\/archive.sana.sy\/tr\/index.php?rest_route=%2Fwp%2Fv2%2Fcategories&post=142541"},{"taxonomy":"post_tag","embeddable":true,"href":"https:\/\/archive.sana.sy\/tr\/index.php?rest_route=%2Fwp%2Fv2%2Ftags&post=142541"}],"curies":[{"name":"wp","href":"https:\/\/api.w.org\/{rel}","templated":true}]}}