{"id":142553,"date":"2018-03-24T13:45:57","date_gmt":"2018-03-24T11:45:57","guid":{"rendered":"https:\/\/www.sana.sy\/tr\/?p=142553"},"modified":"2018-03-25T11:54:02","modified_gmt":"2018-03-25T09:54:02","slug":"teroristlerin-kullandiklari-tunel-bulundu","status":"publish","type":"post","link":"https:\/\/archive.sana.sy\/tr\/?p=142553","title":{"rendered":"Ter\u00f6ristlerin Kulland\u0131klar\u0131 T\u00fcnel Bulundu"},"content":{"rendered":"<p>\u015eAM KIRSALI \u2013 Askeri bir kaynak ordu birliklerimizin \u015eam k\u0131rsal\u0131 Do\u011fu \u011euta\u2019n\u0131n Ayn Terma Beldesinde radikal ter\u00f6ristlerin kulland\u0131klar\u0131 b\u00fcy\u00fck bir t\u00fcnel \u015febekesi bulduklar\u0131n\u0131 belirtti.<\/p>\n<p>Askeri bir kaynak ordu birliklerimizin Do\u011fu \u011euta\u2019n\u0131n Ayn Terma Beldesinde radikal ter\u00f6ristlerin sivil b\u00f6lgeleri ve askeri mevkileri hedef almada kulland\u0131klar\u0131 f\u00fcze ve roketlerin yan\u0131 s\u0131ra bomba d\u00fczenekleri ve patlay\u0131c\u0131 imalat\u0131nda kulland\u0131klar\u0131 bir at\u00f6lyeyi ele ge\u00e7irdiklerini belirtti.<\/p>\n<p><a href=\"https:\/\/www.sana.sy\/tr\/wp-content\/uploads\/2018\/03\/photo_2018-03-24_16-46-49.jpg\"><img loading=\"lazy\" decoding=\"async\" class=\"alignright wp-image-142634 size-medium\" src=\"https:\/\/www.sana.sy\/tr\/wp-content\/uploads\/2018\/03\/photo_2018-03-24_16-46-49-300x225.jpg\" alt=\"\" width=\"300\" height=\"225\" srcset=\"https:\/\/archive.sana.sy\/tr\/wp-content\/uploads\/2018\/03\/photo_2018-03-24_16-46-49-300x225.jpg 300w, https:\/\/archive.sana.sy\/tr\/wp-content\/uploads\/2018\/03\/photo_2018-03-24_16-46-49-150x113.jpg 150w, https:\/\/archive.sana.sy\/tr\/wp-content\/uploads\/2018\/03\/photo_2018-03-24_16-46-49-768x576.jpg 768w, https:\/\/archive.sana.sy\/tr\/wp-content\/uploads\/2018\/03\/photo_2018-03-24_16-46-49-1024x768.jpg 1024w, https:\/\/archive.sana.sy\/tr\/wp-content\/uploads\/2018\/03\/photo_2018-03-24_16-46-49.jpg 1200w\" sizes=\"auto, (max-width: 300px) 100vw, 300px\" \/><\/a>Ordu birliklerimizin beldede arama tarama operasyonlar\u0131 s\u0131ras\u0131nda radikal ter\u00f6ristlerin vatanda\u015flar\u0131n evlerine ve kamu m\u00fclklere yerle\u015ftirdikleri \u00e7ok say\u0131da bubi tuza\u011f\u0131 ve bomba d\u00fczene\u011fini etkisiz hale getirdiklerini ifade eden askeri kaynak; b\u00f6lgede arama tarama operasyonlar\u0131n\u0131n devam etti\u011fini kaydetti.<\/p>\n<p>Di\u011fer yandan askeri kaynak vatan koruyucular\u0131m\u0131z\u0131n Do\u011fu \u011euta\u2019da Ayn Terma ve ter\u00f6rden kurtar\u0131lan daha ba\u015fka b\u00f6lgelerde evlerine kalan masum sivil vatanda\u015flar\u0131n can ve mal g\u00fcvenli\u011finin yan\u0131 s\u0131ra temel gereksinimlerini temin etmeye devam ettiklerini vurgulad\u0131.<\/p>\n<div id='gallery-1' class='gallery galleryid-142553 gallery-columns-3 gallery-size-thumbnail'><figure class='gallery-item'>\n\t\t\t<div class='gallery-icon landscape'>\n\t\t\t\t<a href='https:\/\/archive.sana.sy\/tr\/wp-content\/uploads\/2018\/03\/photo_2018-03-24_16-46-17.jpg'><img loading=\"lazy\" decoding=\"async\" width=\"150\" height=\"113\" src=\"https:\/\/archive.sana.sy\/tr\/wp-content\/uploads\/2018\/03\/photo_2018-03-24_16-46-17-150x113.jpg\" class=\"attachment-thumbnail size-thumbnail\" alt=\"\" srcset=\"https:\/\/archive.sana.sy\/tr\/wp-content\/uploads\/2018\/03\/photo_2018-03-24_16-46-17-150x113.jpg 150w, https:\/\/archive.sana.sy\/tr\/wp-content\/uploads\/2018\/03\/photo_2018-03-24_16-46-17-300x225.jpg 300w, https:\/\/archive.sana.sy\/tr\/wp-content\/uploads\/2018\/03\/photo_2018-03-24_16-46-17-768x576.jpg 768w, https:\/\/archive.sana.sy\/tr\/wp-content\/uploads\/2018\/03\/photo_2018-03-24_16-46-17-1024x768.jpg 1024w, https:\/\/archive.sana.sy\/tr\/wp-content\/uploads\/2018\/03\/photo_2018-03-24_16-46-17.jpg 1200w\" sizes=\"auto, (max-width: 150px) 100vw, 150px\" \/><\/a>\n\t\t\t<\/div><\/figure><figure class='gallery-item'>\n\t\t\t<div class='gallery-icon landscape'>\n\t\t\t\t<a href='https:\/\/archive.sana.sy\/tr\/wp-content\/uploads\/2018\/03\/photo_2018-03-24_16-46-59.jpg'><img loading=\"lazy\" decoding=\"async\" width=\"150\" height=\"113\" src=\"https:\/\/archive.sana.sy\/tr\/wp-content\/uploads\/2018\/03\/photo_2018-03-24_16-46-59-150x113.jpg\" class=\"attachment-thumbnail size-thumbnail\" alt=\"\" srcset=\"https:\/\/archive.sana.sy\/tr\/wp-content\/uploads\/2018\/03\/photo_2018-03-24_16-46-59-150x113.jpg 150w, https:\/\/archive.sana.sy\/tr\/wp-content\/uploads\/2018\/03\/photo_2018-03-24_16-46-59-300x225.jpg 300w, https:\/\/archive.sana.sy\/tr\/wp-content\/uploads\/2018\/03\/photo_2018-03-24_16-46-59-768x576.jpg 768w, https:\/\/archive.sana.sy\/tr\/wp-content\/uploads\/2018\/03\/photo_2018-03-24_16-46-59-1024x768.jpg 1024w, https:\/\/archive.sana.sy\/tr\/wp-content\/uploads\/2018\/03\/photo_2018-03-24_16-46-59.jpg 1200w\" sizes=\"auto, (max-width: 150px) 100vw, 150px\" \/><\/a>\n\t\t\t<\/div><\/figure><figure class='gallery-item'>\n\t\t\t<div class='gallery-icon landscape'>\n\t\t\t\t<a href='https:\/\/archive.sana.sy\/tr\/wp-content\/uploads\/2018\/03\/photo_2018-03-24_16-46-56.jpg'><img loading=\"lazy\" decoding=\"async\" width=\"150\" height=\"113\" src=\"https:\/\/archive.sana.sy\/tr\/wp-content\/uploads\/2018\/03\/photo_2018-03-24_16-46-56-150x113.jpg\" class=\"attachment-thumbnail size-thumbnail\" alt=\"\" srcset=\"https:\/\/archive.sana.sy\/tr\/wp-content\/uploads\/2018\/03\/photo_2018-03-24_16-46-56-150x113.jpg 150w, https:\/\/archive.sana.sy\/tr\/wp-content\/uploads\/2018\/03\/photo_2018-03-24_16-46-56-300x225.jpg 300w, https:\/\/archive.sana.sy\/tr\/wp-content\/uploads\/2018\/03\/photo_2018-03-24_16-46-56-768x576.jpg 768w, https:\/\/archive.sana.sy\/tr\/wp-content\/uploads\/2018\/03\/photo_2018-03-24_16-46-56-1024x768.jpg 1024w, https:\/\/archive.sana.sy\/tr\/wp-content\/uploads\/2018\/03\/photo_2018-03-24_16-46-56.jpg 1200w\" sizes=\"auto, (max-width: 150px) 100vw, 150px\" \/><\/a>\n\t\t\t<\/div><\/figure>\n\t\t<\/div>\n\n<div id='gallery-2' class='gallery galleryid-142553 gallery-columns-3 gallery-size-thumbnail'><figure class='gallery-item'>\n\t\t\t<div class='gallery-icon landscape'>\n\t\t\t\t<a href='https:\/\/archive.sana.sy\/tr\/?attachment_id=142656'><img loading=\"lazy\" decoding=\"async\" width=\"150\" height=\"100\" src=\"https:\/\/archive.sana.sy\/tr\/wp-content\/uploads\/2018\/03\/02-6-150x100.jpg\" class=\"attachment-thumbnail size-thumbnail\" alt=\"\" srcset=\"https:\/\/archive.sana.sy\/tr\/wp-content\/uploads\/2018\/03\/02-6-150x100.jpg 150w, https:\/\/archive.sana.sy\/tr\/wp-content\/uploads\/2018\/03\/02-6-300x200.jpg 300w, https:\/\/archive.sana.sy\/tr\/wp-content\/uploads\/2018\/03\/02-6-768x511.jpg 768w, https:\/\/archive.sana.sy\/tr\/wp-content\/uploads\/2018\/03\/02-6-1024x681.jpg 1024w, https:\/\/archive.sana.sy\/tr\/wp-content\/uploads\/2018\/03\/02-6-310x205.jpg 310w, https:\/\/archive.sana.sy\/tr\/wp-content\/uploads\/2018\/03\/02-6.jpg 1200w\" sizes=\"auto, (max-width: 150px) 100vw, 150px\" \/><\/a>\n\t\t\t<\/div><\/figure><figure class='gallery-item'>\n\t\t\t<div class='gallery-icon landscape'>\n\t\t\t\t<a href='https:\/\/archive.sana.sy\/tr\/?attachment_id=142657'><img loading=\"lazy\" decoding=\"async\" width=\"150\" height=\"100\" src=\"https:\/\/archive.sana.sy\/tr\/wp-content\/uploads\/2018\/03\/01-6-150x100.jpg\" class=\"attachment-thumbnail size-thumbnail\" alt=\"\" srcset=\"https:\/\/archive.sana.sy\/tr\/wp-content\/uploads\/2018\/03\/01-6-150x100.jpg 150w, https:\/\/archive.sana.sy\/tr\/wp-content\/uploads\/2018\/03\/01-6-300x200.jpg 300w, https:\/\/archive.sana.sy\/tr\/wp-content\/uploads\/2018\/03\/01-6-768x511.jpg 768w, https:\/\/archive.sana.sy\/tr\/wp-content\/uploads\/2018\/03\/01-6-1024x681.jpg 1024w, https:\/\/archive.sana.sy\/tr\/wp-content\/uploads\/2018\/03\/01-6-310x205.jpg 310w, https:\/\/archive.sana.sy\/tr\/wp-content\/uploads\/2018\/03\/01-6.jpg 1200w\" sizes=\"auto, (max-width: 150px) 100vw, 150px\" \/><\/a>\n\t\t\t<\/div><\/figure>\n\t\t<\/div>\n\n","protected":false},"excerpt":{"rendered":"<p>\u015eAM KIRSALI \u2013 Askeri bir kaynak ordu birliklerimizin \u015eam k\u0131rsal\u0131 Do\u011fu \u011euta\u2019n\u0131n Ayn Terma Beldesinde radikal ter\u00f6ristlerin kulland\u0131klar\u0131 b\u00fcy\u00fck bir t\u00fcnel \u015febekesi bulduklar\u0131n\u0131 belirtti. Askeri bir kaynak ordu birliklerimizin Do\u011fu \u011euta\u2019n\u0131n Ayn Terma Beldesinde radikal ter\u00f6ristlerin sivil b\u00f6lgeleri ve askeri mevkileri hedef almada kulland\u0131klar\u0131 f\u00fcze ve roketlerin yan\u0131 s\u0131ra bomba d\u00fczenekleri ve patlay\u0131c\u0131 imalat\u0131nda kulland\u0131klar\u0131 &hellip;<\/p>\n","protected":false},"author":1,"featured_media":142629,"comment_status":"closed","ping_status":"closed","sticky":false,"template":"","format":"standard","meta":{"footnotes":""},"categories":[596,479,575,17988,478],"tags":[17322,35244,2755,2297,22882,11549,19034,22181],"class_list":["post-142553","post","type-post","status-publish","format-standard","has-post-thumbnail","","category-fotografli-raporlar","category-haberler-yerel","category-olaylar-ve-gercekler","category-son-haberler","category-yerel","tag-dogu-guta","tag-guta","tag-sam","tag-sam-kirsali","tag-sivil-vatandaslar","tag-suriye-ordusu","tag-suriyeli-muhalifler","tag-suriyeliler"],"_links":{"self":[{"href":"https:\/\/archive.sana.sy\/tr\/index.php?rest_route=\/wp\/v2\/posts\/142553","targetHints":{"allow":["GET"]}}],"collection":[{"href":"https:\/\/archive.sana.sy\/tr\/index.php?rest_route=\/wp\/v2\/posts"}],"about":[{"href":"https:\/\/archive.sana.sy\/tr\/index.php?rest_route=\/wp\/v2\/types\/post"}],"author":[{"embeddable":true,"href":"https:\/\/archive.sana.sy\/tr\/index.php?rest_route=\/wp\/v2\/users\/1"}],"replies":[{"embeddable":true,"href":"https:\/\/archive.sana.sy\/tr\/index.php?rest_route=%2Fwp%2Fv2%2Fcomments&post=142553"}],"version-history":[{"count":0,"href":"https:\/\/archive.sana.sy\/tr\/index.php?rest_route=\/wp\/v2\/posts\/142553\/revisions"}],"wp:featuredmedia":[{"embeddable":true,"href":"https:\/\/archive.sana.sy\/tr\/index.php?rest_route=\/wp\/v2\/media\/142629"}],"wp:attachment":[{"href":"https:\/\/archive.sana.sy\/tr\/index.php?rest_route=%2Fwp%2Fv2%2Fmedia&parent=142553"}],"wp:term":[{"taxonomy":"category","embeddable":true,"href":"https:\/\/archive.sana.sy\/tr\/index.php?rest_route=%2Fwp%2Fv2%2Fcategories&post=142553"},{"taxonomy":"post_tag","embeddable":true,"href":"https:\/\/archive.sana.sy\/tr\/index.php?rest_route=%2Fwp%2Fv2%2Ftags&post=142553"}],"curies":[{"name":"wp","href":"https:\/\/api.w.org\/{rel}","templated":true}]}}