{"id":142603,"date":"2018-03-24T15:54:49","date_gmt":"2018-03-24T13:54:49","guid":{"rendered":"https:\/\/www.sana.sy\/tr\/?p=142603"},"modified":"2018-03-24T15:54:49","modified_gmt":"2018-03-24T13:54:49","slug":"sana-muhabiri-sam-kirsali-dogu-gutanin-cobar-zemelke-irbin-ve-ayn-terma-bolgelerinde-bulunan-ve-silahlarini-teslim-etmek-istemeyen-teroristlerin-idlibe-aktarilmalari-icin-otobusler","status":"publish","type":"post","link":"https:\/\/archive.sana.sy\/tr\/?p=142603","title":{"rendered":"SANA muhabiri \u015eam k\u0131rsal\u0131 Do\u011fu \u011euta\u2019n\u0131n Cobar, Zemelke, Irbin ve Ayn Terma b\u00f6lgelerinde bulunan ve silahlar\u0131n\u0131 teslim etmek istemeyen ter\u00f6ristlerin \u0130dlib\u2019e aktar\u0131lmalar\u0131 i\u00e7in otob\u00fcslerin Irbin Beldesi kenarlar\u0131na girmeye ba\u015flad\u0131klar\u0131n\u0131 belirtti."},"content":{"rendered":"<p>SANA muhabiri \u015eam k\u0131rsal\u0131 Do\u011fu \u011euta\u2019n\u0131n Cobar, Zemelke, Irbin ve Ayn Terma b\u00f6lgelerinde bulunan ve silahlar\u0131n\u0131 teslim etmek istemeyen ter\u00f6ristlerin \u0130dlib\u2019e aktar\u0131lmalar\u0131 i\u00e7in otob\u00fcslerin Irbin Beldesi kenarlar\u0131na girmeye ba\u015flad\u0131klar\u0131n\u0131 belirtti.<\/p>\n","protected":false},"excerpt":{"rendered":"<p>SANA muhabiri \u015eam k\u0131rsal\u0131 Do\u011fu \u011euta\u2019n\u0131n Cobar, Zemelke, Irbin ve Ayn Terma b\u00f6lgelerinde bulunan ve silahlar\u0131n\u0131 teslim etmek istemeyen ter\u00f6ristlerin \u0130dlib\u2019e aktar\u0131lmalar\u0131 i\u00e7in otob\u00fcslerin Irbin Beldesi kenarlar\u0131na girmeye ba\u015flad\u0131klar\u0131n\u0131 belirtti.<\/p>\n","protected":false},"author":1,"featured_media":0,"comment_status":"closed","ping_status":"closed","sticky":false,"template":"","format":"standard","meta":{"footnotes":""},"categories":[17991],"tags":[],"class_list":["post-142603","post","type-post","status-publish","format-standard","","category-son-dakika"],"_links":{"self":[{"href":"https:\/\/archive.sana.sy\/tr\/index.php?rest_route=\/wp\/v2\/posts\/142603","targetHints":{"allow":["GET"]}}],"collection":[{"href":"https:\/\/archive.sana.sy\/tr\/index.php?rest_route=\/wp\/v2\/posts"}],"about":[{"href":"https:\/\/archive.sana.sy\/tr\/index.php?rest_route=\/wp\/v2\/types\/post"}],"author":[{"embeddable":true,"href":"https:\/\/archive.sana.sy\/tr\/index.php?rest_route=\/wp\/v2\/users\/1"}],"replies":[{"embeddable":true,"href":"https:\/\/archive.sana.sy\/tr\/index.php?rest_route=%2Fwp%2Fv2%2Fcomments&post=142603"}],"version-history":[{"count":0,"href":"https:\/\/archive.sana.sy\/tr\/index.php?rest_route=\/wp\/v2\/posts\/142603\/revisions"}],"wp:attachment":[{"href":"https:\/\/archive.sana.sy\/tr\/index.php?rest_route=%2Fwp%2Fv2%2Fmedia&parent=142603"}],"wp:term":[{"taxonomy":"category","embeddable":true,"href":"https:\/\/archive.sana.sy\/tr\/index.php?rest_route=%2Fwp%2Fv2%2Fcategories&post=142603"},{"taxonomy":"post_tag","embeddable":true,"href":"https:\/\/archive.sana.sy\/tr\/index.php?rest_route=%2Fwp%2Fv2%2Ftags&post=142603"}],"curies":[{"name":"wp","href":"https:\/\/api.w.org\/{rel}","templated":true}]}}