{"id":142625,"date":"2018-03-24T17:08:38","date_gmt":"2018-03-24T15:08:38","guid":{"rendered":"https:\/\/www.sana.sy\/tr\/?p=142625"},"modified":"2018-03-24T17:10:00","modified_gmt":"2018-03-24T15:10:00","slug":"askeri-kaynak-bugun-vafidin-bolgesindeki-insani-koridor-uzerinden-dogu-gutada-buluna-teror-magduru-sivillerden-1700-kisinin-tahliye-edildiklerini-belirtti","status":"publish","type":"post","link":"https:\/\/archive.sana.sy\/tr\/?p=142625","title":{"rendered":"Askeri kaynak bug\u00fcn Vafidin B\u00f6lgesindeki insani koridor \u00fczerinden Do\u011fu \u011euta\u2019da buluna ter\u00f6r ma\u011fduru sivillerden 1700 ki\u015finin tahliye edildiklerini belirtti"},"content":{"rendered":"<p>Askeri bir kaynak bug\u00fcn Vafidin B\u00f6lgesindeki insani koridor \u00fczerinden Do\u011fu \u011euta\u2019da buluna ter\u00f6r ma\u011fduru sivillerden 1700 ki\u015finin tahliye edildiklerini belirtti<\/p>\n","protected":false},"excerpt":{"rendered":"<p>Askeri bir kaynak bug\u00fcn Vafidin B\u00f6lgesindeki insani koridor \u00fczerinden Do\u011fu \u011euta\u2019da buluna ter\u00f6r ma\u011fduru sivillerden 1700 ki\u015finin tahliye edildiklerini belirtti<\/p>\n","protected":false},"author":1,"featured_media":0,"comment_status":"closed","ping_status":"closed","sticky":false,"template":"","format":"standard","meta":{"footnotes":""},"categories":[17991],"tags":[],"class_list":["post-142625","post","type-post","status-publish","format-standard","","category-son-dakika"],"_links":{"self":[{"href":"https:\/\/archive.sana.sy\/tr\/index.php?rest_route=\/wp\/v2\/posts\/142625","targetHints":{"allow":["GET"]}}],"collection":[{"href":"https:\/\/archive.sana.sy\/tr\/index.php?rest_route=\/wp\/v2\/posts"}],"about":[{"href":"https:\/\/archive.sana.sy\/tr\/index.php?rest_route=\/wp\/v2\/types\/post"}],"author":[{"embeddable":true,"href":"https:\/\/archive.sana.sy\/tr\/index.php?rest_route=\/wp\/v2\/users\/1"}],"replies":[{"embeddable":true,"href":"https:\/\/archive.sana.sy\/tr\/index.php?rest_route=%2Fwp%2Fv2%2Fcomments&post=142625"}],"version-history":[{"count":0,"href":"https:\/\/archive.sana.sy\/tr\/index.php?rest_route=\/wp\/v2\/posts\/142625\/revisions"}],"wp:attachment":[{"href":"https:\/\/archive.sana.sy\/tr\/index.php?rest_route=%2Fwp%2Fv2%2Fmedia&parent=142625"}],"wp:term":[{"taxonomy":"category","embeddable":true,"href":"https:\/\/archive.sana.sy\/tr\/index.php?rest_route=%2Fwp%2Fv2%2Fcategories&post=142625"},{"taxonomy":"post_tag","embeddable":true,"href":"https:\/\/archive.sana.sy\/tr\/index.php?rest_route=%2Fwp%2Fv2%2Ftags&post=142625"}],"curies":[{"name":"wp","href":"https:\/\/api.w.org\/{rel}","templated":true}]}}