{"id":142648,"date":"2018-03-24T20:32:45","date_gmt":"2018-03-24T18:32:45","guid":{"rendered":"https:\/\/www.sana.sy\/tr\/?p=142648"},"modified":"2018-03-25T10:02:22","modified_gmt":"2018-03-25T08:02:22","slug":"teror-orgutleri-tarafindan-kacirilan-8-kisi-kurtarildi-video","status":"publish","type":"post","link":"https:\/\/archive.sana.sy\/tr\/?p=142648","title":{"rendered":"Ter\u00f6r \u00d6rg\u00fctleri Taraf\u0131ndan Ka\u00e7\u0131r\u0131lan 8 Ki\u015fi Kurtar\u0131ld\u0131 (video)"},"content":{"rendered":"<p>\u015eAM KIRSALI \u2013 Ter\u00f6r \u00f6rg\u00fctleri taraf\u0131ndan daha \u00f6nce ka\u00e7\u0131r\u0131lan ve \u015eam k\u0131rsal\u0131 Do\u011fu \u011euta\u2019n\u0131n Irbin Beldesinde rehine olarak tutulan 8 ki\u015fi kahraman ordu birliklerimiz taraf\u0131ndan kurtar\u0131ld\u0131.<\/p>\n<p>SANA haber ajans\u0131na a\u00e7\u0131klama yapan askeri bir kaynak, kurtar\u0131lan ki\u015filerin kimliklerini a\u00e7\u0131klarken, Haresta Kentinin kenarlar\u0131na a\u00e7\u0131lan Irbin koridoru \u00fczerinden tahliye edilerek t\u0131bbi durumlar\u0131 hakk\u0131nda bilgi alma ve muayene amac\u0131yla hastaneye al\u0131nd\u0131klar\u0131n\u0131 a\u00e7\u0131klad\u0131.<\/p>\n<p>K.\u00d6.<\/p>\n<p>https:\/\/www.youtube.com\/watch?v=qfDla0HRZGI<\/p>\n<p>&nbsp;<\/p>\n","protected":false},"excerpt":{"rendered":"<p>\u015eAM KIRSALI \u2013 Ter\u00f6r \u00f6rg\u00fctleri taraf\u0131ndan daha \u00f6nce ka\u00e7\u0131r\u0131lan ve \u015eam k\u0131rsal\u0131 Do\u011fu \u011euta\u2019n\u0131n Irbin Beldesinde rehine olarak tutulan 8 ki\u015fi kahraman ordu birliklerimiz taraf\u0131ndan kurtar\u0131ld\u0131. SANA haber ajans\u0131na a\u00e7\u0131klama yapan askeri bir kaynak, kurtar\u0131lan ki\u015filerin kimliklerini a\u00e7\u0131klarken, Haresta Kentinin kenarlar\u0131na a\u00e7\u0131lan Irbin koridoru \u00fczerinden tahliye edilerek t\u0131bbi durumlar\u0131 hakk\u0131nda bilgi alma ve muayene amac\u0131yla &hellip;<\/p>\n","protected":false},"author":1,"featured_media":142649,"comment_status":"closed","ping_status":"closed","sticky":false,"template":"","format":"standard","meta":{"footnotes":""},"categories":[479,575,17988,478],"tags":[17322,33788,5237,35547,2297,16591,22181],"class_list":["post-142648","post","type-post","status-publish","format-standard","has-post-thumbnail","","category-haberler-yerel","category-olaylar-ve-gercekler","category-son-haberler","category-yerel","tag-dogu-guta","tag-haresta","tag-irbin","tag-kacirilan-8-kisi-kurtarildi","tag-sam-kirsali","tag-suriye","tag-suriyeliler"],"_links":{"self":[{"href":"https:\/\/archive.sana.sy\/tr\/index.php?rest_route=\/wp\/v2\/posts\/142648","targetHints":{"allow":["GET"]}}],"collection":[{"href":"https:\/\/archive.sana.sy\/tr\/index.php?rest_route=\/wp\/v2\/posts"}],"about":[{"href":"https:\/\/archive.sana.sy\/tr\/index.php?rest_route=\/wp\/v2\/types\/post"}],"author":[{"embeddable":true,"href":"https:\/\/archive.sana.sy\/tr\/index.php?rest_route=\/wp\/v2\/users\/1"}],"replies":[{"embeddable":true,"href":"https:\/\/archive.sana.sy\/tr\/index.php?rest_route=%2Fwp%2Fv2%2Fcomments&post=142648"}],"version-history":[{"count":0,"href":"https:\/\/archive.sana.sy\/tr\/index.php?rest_route=\/wp\/v2\/posts\/142648\/revisions"}],"wp:featuredmedia":[{"embeddable":true,"href":"https:\/\/archive.sana.sy\/tr\/index.php?rest_route=\/wp\/v2\/media\/142649"}],"wp:attachment":[{"href":"https:\/\/archive.sana.sy\/tr\/index.php?rest_route=%2Fwp%2Fv2%2Fmedia&parent=142648"}],"wp:term":[{"taxonomy":"category","embeddable":true,"href":"https:\/\/archive.sana.sy\/tr\/index.php?rest_route=%2Fwp%2Fv2%2Fcategories&post=142648"},{"taxonomy":"post_tag","embeddable":true,"href":"https:\/\/archive.sana.sy\/tr\/index.php?rest_route=%2Fwp%2Fv2%2Ftags&post=142648"}],"curies":[{"name":"wp","href":"https:\/\/api.w.org\/{rel}","templated":true}]}}