{"id":142680,"date":"2018-03-25T13:23:29","date_gmt":"2018-03-25T11:23:29","guid":{"rendered":"https:\/\/www.sana.sy\/tr\/?p=142680"},"modified":"2018-03-25T13:23:29","modified_gmt":"2018-03-25T11:23:29","slug":"askeri-bir-kaynak-sam-kirsali-dogu-gutadan-bugun-sabah-saatlerinden-beri-vafidin-bolgesindeki-insani-koridor-uzerinden-500den-fazla-sivil-vatandasin-kurtarilip-gecici-ikamet-merkezle","status":"publish","type":"post","link":"https:\/\/archive.sana.sy\/tr\/?p=142680","title":{"rendered":"Askeri bir kaynak \u015eam k\u0131rsal\u0131 Do\u011fu \u011euta\u2019dan bug\u00fcn sabah saatlerinden beri Vafidin B\u00f6lgesindeki insani koridor \u00fczerinden 500\u2019den fazla sivil vatanda\u015f\u0131n kurtar\u0131l\u0131p ge\u00e7ici ikamet merkezlerine aktar\u0131ld\u0131klar\u0131n\u0131 belirtti"},"content":{"rendered":"<p>Askeri bir kaynak \u015eam k\u0131rsal\u0131 Do\u011fu \u011euta\u2019dan bug\u00fcn sabah saatlerinden beri Vafidin B\u00f6lgesindeki insani koridor \u00fczerinden 500\u2019den fazla sivil vatanda\u015f\u0131n kurtar\u0131l\u0131p ge\u00e7ici ikamet merkezlerine aktar\u0131ld\u0131klar\u0131n\u0131 belirtti<\/p>\n","protected":false},"excerpt":{"rendered":"<p>Askeri bir kaynak \u015eam k\u0131rsal\u0131 Do\u011fu \u011euta\u2019dan bug\u00fcn sabah saatlerinden beri Vafidin B\u00f6lgesindeki insani koridor \u00fczerinden 500\u2019den fazla sivil vatanda\u015f\u0131n kurtar\u0131l\u0131p ge\u00e7ici ikamet merkezlerine aktar\u0131ld\u0131klar\u0131n\u0131 belirtti<\/p>\n","protected":false},"author":1,"featured_media":0,"comment_status":"closed","ping_status":"closed","sticky":false,"template":"","format":"standard","meta":{"footnotes":""},"categories":[17991],"tags":[],"class_list":["post-142680","post","type-post","status-publish","format-standard","","category-son-dakika"],"_links":{"self":[{"href":"https:\/\/archive.sana.sy\/tr\/index.php?rest_route=\/wp\/v2\/posts\/142680","targetHints":{"allow":["GET"]}}],"collection":[{"href":"https:\/\/archive.sana.sy\/tr\/index.php?rest_route=\/wp\/v2\/posts"}],"about":[{"href":"https:\/\/archive.sana.sy\/tr\/index.php?rest_route=\/wp\/v2\/types\/post"}],"author":[{"embeddable":true,"href":"https:\/\/archive.sana.sy\/tr\/index.php?rest_route=\/wp\/v2\/users\/1"}],"replies":[{"embeddable":true,"href":"https:\/\/archive.sana.sy\/tr\/index.php?rest_route=%2Fwp%2Fv2%2Fcomments&post=142680"}],"version-history":[{"count":0,"href":"https:\/\/archive.sana.sy\/tr\/index.php?rest_route=\/wp\/v2\/posts\/142680\/revisions"}],"wp:attachment":[{"href":"https:\/\/archive.sana.sy\/tr\/index.php?rest_route=%2Fwp%2Fv2%2Fmedia&parent=142680"}],"wp:term":[{"taxonomy":"category","embeddable":true,"href":"https:\/\/archive.sana.sy\/tr\/index.php?rest_route=%2Fwp%2Fv2%2Fcategories&post=142680"},{"taxonomy":"post_tag","embeddable":true,"href":"https:\/\/archive.sana.sy\/tr\/index.php?rest_route=%2Fwp%2Fv2%2Ftags&post=142680"}],"curies":[{"name":"wp","href":"https:\/\/api.w.org\/{rel}","templated":true}]}}