{"id":142701,"date":"2018-03-25T12:26:20","date_gmt":"2018-03-25T10:26:20","guid":{"rendered":"https:\/\/www.sana.sy\/tr\/?p=142701"},"modified":"2018-03-25T12:26:20","modified_gmt":"2018-03-25T10:26:20","slug":"teroristlerin-feyha-stadini-fuzeyle-hedef-almalari-sonucunda-ceys-futbol-takiminin-cocuk-takimi-oyuncusu-sehit-duserken-7-oyuncu-da-yaralandi","status":"publish","type":"post","link":"https:\/\/archive.sana.sy\/tr\/?p=142701","title":{"rendered":"Ter\u00f6ristlerin Feyha Stad\u0131n\u0131 f\u00fczeyle hedef almalar\u0131 sonucunda Cey\u015f Futbol Tak\u0131m\u0131n\u0131n \u00e7ocuk tak\u0131m\u0131 oyuncusu \u015fehit d\u00fc\u015ferken 7 oyuncu da yaraland\u0131"},"content":{"rendered":"<p>Ter\u00f6ristlerin Feyha Stad\u0131n\u0131 f\u00fczeyle hedef almalar\u0131 sonucunda Cey\u015f Futbol Tak\u0131m\u0131n\u0131n \u00e7ocuk tak\u0131m\u0131 oyuncusu \u015fehit d\u00fc\u015ferken 7 oyuncu da yaraland\u0131<\/p>\n<p>https:\/\/www.youtube.com\/watch?v=EVk0B_rV_-I<\/p>\n","protected":false},"excerpt":{"rendered":"<p>Ter\u00f6ristlerin Feyha Stad\u0131n\u0131 f\u00fczeyle hedef almalar\u0131 sonucunda Cey\u015f Futbol Tak\u0131m\u0131n\u0131n \u00e7ocuk tak\u0131m\u0131 oyuncusu \u015fehit d\u00fc\u015ferken 7 oyuncu da yaraland\u0131 https:\/\/www.youtube.com\/watch?v=EVk0B_rV_-I<\/p>\n","protected":false},"author":1,"featured_media":142705,"comment_status":"closed","ping_status":"closed","sticky":false,"template":"","format":"standard","meta":{"footnotes":""},"categories":[18295],"tags":[],"class_list":["post-142701","post","type-post","status-publish","format-standard","has-post-thumbnail","","category-sana-video"],"_links":{"self":[{"href":"https:\/\/archive.sana.sy\/tr\/index.php?rest_route=\/wp\/v2\/posts\/142701","targetHints":{"allow":["GET"]}}],"collection":[{"href":"https:\/\/archive.sana.sy\/tr\/index.php?rest_route=\/wp\/v2\/posts"}],"about":[{"href":"https:\/\/archive.sana.sy\/tr\/index.php?rest_route=\/wp\/v2\/types\/post"}],"author":[{"embeddable":true,"href":"https:\/\/archive.sana.sy\/tr\/index.php?rest_route=\/wp\/v2\/users\/1"}],"replies":[{"embeddable":true,"href":"https:\/\/archive.sana.sy\/tr\/index.php?rest_route=%2Fwp%2Fv2%2Fcomments&post=142701"}],"version-history":[{"count":0,"href":"https:\/\/archive.sana.sy\/tr\/index.php?rest_route=\/wp\/v2\/posts\/142701\/revisions"}],"wp:featuredmedia":[{"embeddable":true,"href":"https:\/\/archive.sana.sy\/tr\/index.php?rest_route=\/wp\/v2\/media\/142705"}],"wp:attachment":[{"href":"https:\/\/archive.sana.sy\/tr\/index.php?rest_route=%2Fwp%2Fv2%2Fmedia&parent=142701"}],"wp:term":[{"taxonomy":"category","embeddable":true,"href":"https:\/\/archive.sana.sy\/tr\/index.php?rest_route=%2Fwp%2Fv2%2Fcategories&post=142701"},{"taxonomy":"post_tag","embeddable":true,"href":"https:\/\/archive.sana.sy\/tr\/index.php?rest_route=%2Fwp%2Fv2%2Ftags&post=142701"}],"curies":[{"name":"wp","href":"https:\/\/api.w.org\/{rel}","templated":true}]}}