{"id":142761,"date":"2018-03-25T15:47:49","date_gmt":"2018-03-25T13:47:49","guid":{"rendered":"https:\/\/www.sana.sy\/tr\/?p=142761"},"modified":"2018-03-26T10:20:13","modified_gmt":"2018-03-26T08:20:13","slug":"suriye-heyeti-koordinasyon-toplantilarina-katildi","status":"publish","type":"post","link":"https:\/\/archive.sana.sy\/tr\/?p=142761","title":{"rendered":"Suriye Heyeti Koordinasyon Toplant\u0131lar\u0131na Kat\u0131ld\u0131"},"content":{"rendered":"<p>CENEVRE \u2013 Halk Meclisi Ba\u015fkan Yard\u0131mc\u0131s\u0131 Necdet Anzur ba\u015fkanl\u0131\u011f\u0131ndaki Suriye heyeti Cenevre&#8217;de d\u00fczenlenen Uluslararas\u0131 Parlamentolar Birli\u011fi genel kurulunun 138. D\u00f6nem \u00e7al\u0131\u015fmalar\u0131 kapsam\u0131nda Arap grubunun koordinasyon toplant\u0131lar\u0131na kat\u0131ld\u0131.<\/p>\n<p>Ortak \u00f6nem ta\u015f\u0131yan meselelerde g\u00f6r\u00fc\u015f al\u0131\u015fveri\u015fi ve koordinasyonun ele al\u0131nd\u0131\u011f\u0131 toplant\u0131larda; genel kurul \u00e7al\u0131\u015fmalar\u0131n\u0131n g\u00fcndemine yeni bentler ekleme olanaklar de\u011ferlendirildi.<\/p>\n<p>Toplant\u0131larda \u0130srail i\u015fgali alt\u0131ndaki Kud\u00fcs Kentinin tarihi kimli\u011finin korunmas\u0131 ve uluslar aras\u0131 kanuni durumunun yeniden vurgulanmas\u0131 y\u00f6n\u00fcnde yeni bir bendin genel kurul \u00e7al\u0131\u015fmalar\u0131na dahil edilmesi \u00f6nerisi yap\u0131ld\u0131. Eklenen yeni bendin genel kurulun \u00f6n\u00fcm\u00fczdeki Sal\u0131 g\u00fcn\u00fc d\u00fczenleyece\u011fi toplant\u0131da oylamaya sunulmas\u0131 bekleniyor.<\/p>\n<p>Anzur ba\u015fkanl\u0131\u011f\u0131ndaki Suriye heyeti ayn\u0131 zamanda \u0130slam \u00fclkeleri grubunun koordinasyon ve g\u00f6r\u00fc\u015f al\u0131\u015fveri\u015fi toplant\u0131lar\u0131na kat\u0131ld\u0131. Genel kurul toplant\u0131lar\u0131n\u0131n g\u00fcndeminin tart\u0131\u015f\u0131ld\u0131\u011f\u0131 toplant\u0131da yine Kud\u00fcs Kentinin tarihi kimli\u011finin korunmas\u0131n\u0131 \u00f6ng\u00f6ren bir bendin eklenmesi karar\u0131 al\u0131nd\u0131.<\/p>\n","protected":false},"excerpt":{"rendered":"<p>CENEVRE \u2013 Halk Meclisi Ba\u015fkan Yard\u0131mc\u0131s\u0131 Necdet Anzur ba\u015fkanl\u0131\u011f\u0131ndaki Suriye heyeti Cenevre&#8217;de d\u00fczenlenen Uluslararas\u0131 Parlamentolar Birli\u011fi genel kurulunun 138. D\u00f6nem \u00e7al\u0131\u015fmalar\u0131 kapsam\u0131nda Arap grubunun koordinasyon toplant\u0131lar\u0131na kat\u0131ld\u0131. Ortak \u00f6nem ta\u015f\u0131yan meselelerde g\u00f6r\u00fc\u015f al\u0131\u015fveri\u015fi ve koordinasyonun ele al\u0131nd\u0131\u011f\u0131 toplant\u0131larda; genel kurul \u00e7al\u0131\u015fmalar\u0131n\u0131n g\u00fcndemine yeni bentler ekleme olanaklar de\u011ferlendirildi. Toplant\u0131larda \u0130srail i\u015fgali alt\u0131ndaki Kud\u00fcs Kentinin tarihi kimli\u011finin &hellip;<\/p>\n","protected":false},"author":1,"featured_media":142762,"comment_status":"closed","ping_status":"closed","sticky":false,"template":"","format":"standard","meta":{"footnotes":""},"categories":[458,459,17988],"tags":[18185,16838,35564,19828,24013,32815],"class_list":["post-142761","post","type-post","status-publish","format-standard","has-post-thumbnail","","category-dunya1","category-haberler-arap-uluslararasi-politika","category-son-haberler","tag-cenevre","tag-halk-meclisi","tag-korodinasyon-toplantilari","tag-suriye-heyeti","tag-suriye-parlamentosu","tag-uluslararasi-parlamentolar-birligi"],"_links":{"self":[{"href":"https:\/\/archive.sana.sy\/tr\/index.php?rest_route=\/wp\/v2\/posts\/142761","targetHints":{"allow":["GET"]}}],"collection":[{"href":"https:\/\/archive.sana.sy\/tr\/index.php?rest_route=\/wp\/v2\/posts"}],"about":[{"href":"https:\/\/archive.sana.sy\/tr\/index.php?rest_route=\/wp\/v2\/types\/post"}],"author":[{"embeddable":true,"href":"https:\/\/archive.sana.sy\/tr\/index.php?rest_route=\/wp\/v2\/users\/1"}],"replies":[{"embeddable":true,"href":"https:\/\/archive.sana.sy\/tr\/index.php?rest_route=%2Fwp%2Fv2%2Fcomments&post=142761"}],"version-history":[{"count":0,"href":"https:\/\/archive.sana.sy\/tr\/index.php?rest_route=\/wp\/v2\/posts\/142761\/revisions"}],"wp:featuredmedia":[{"embeddable":true,"href":"https:\/\/archive.sana.sy\/tr\/index.php?rest_route=\/wp\/v2\/media\/142762"}],"wp:attachment":[{"href":"https:\/\/archive.sana.sy\/tr\/index.php?rest_route=%2Fwp%2Fv2%2Fmedia&parent=142761"}],"wp:term":[{"taxonomy":"category","embeddable":true,"href":"https:\/\/archive.sana.sy\/tr\/index.php?rest_route=%2Fwp%2Fv2%2Fcategories&post=142761"},{"taxonomy":"post_tag","embeddable":true,"href":"https:\/\/archive.sana.sy\/tr\/index.php?rest_route=%2Fwp%2Fv2%2Ftags&post=142761"}],"curies":[{"name":"wp","href":"https:\/\/api.w.org\/{rel}","templated":true}]}}