{"id":142764,"date":"2018-03-25T14:30:05","date_gmt":"2018-03-25T12:30:05","guid":{"rendered":"https:\/\/www.sana.sy\/tr\/?p=142764"},"modified":"2018-03-26T10:20:16","modified_gmt":"2018-03-26T08:20:16","slug":"lazkiye-kirsalinda-sahil-yatirima-sunuldu","status":"publish","type":"post","link":"https:\/\/archive.sana.sy\/tr\/?p=142764","title":{"rendered":"Lazkiye K\u0131rsal\u0131nda Sahil Yat\u0131r\u0131ma Sunuldu"},"content":{"rendered":"<p>\u015eAM \u2013 Turizm Bakanl\u0131\u011f\u0131 bug\u00fcn Lazkiye k\u0131rsal\u0131n\u0131n kuzeyi Ras el Bassit B\u00f6lgesindeki Lami Deniz Sahilinin yat\u0131r\u0131ma sunuldu\u011funu ilan etti.<\/p>\n<p>Bakanl\u0131k yay\u0131nlad\u0131\u011f\u0131 b\u00fcltende 10 d\u00f6n\u00fcml\u00fck arazi \u00fczerinde turizm, e\u011flence ve sahil hizmetleri sunulaca\u011f\u0131na dikkat \u00e7ekti.<\/p>\n","protected":false},"excerpt":{"rendered":"<p>\u015eAM \u2013 Turizm Bakanl\u0131\u011f\u0131 bug\u00fcn Lazkiye k\u0131rsal\u0131n\u0131n kuzeyi Ras el Bassit B\u00f6lgesindeki Lami Deniz Sahilinin yat\u0131r\u0131ma sunuldu\u011funu ilan etti. Bakanl\u0131k yay\u0131nlad\u0131\u011f\u0131 b\u00fcltende 10 d\u00f6n\u00fcml\u00fck arazi \u00fczerinde turizm, e\u011flence ve sahil hizmetleri sunulaca\u011f\u0131na dikkat \u00e7ekti.<\/p>\n","protected":false},"author":1,"featured_media":142765,"comment_status":"closed","ping_status":"closed","sticky":false,"template":"","format":"standard","meta":{"footnotes":""},"categories":[485,486,17988],"tags":[33302,4026,16591,35566,35565,21772],"class_list":["post-142764","post","type-post","status-publish","format-standard","has-post-thumbnail","","category-is-ve-sermaye","category-haberler-is-ve-sermaye","category-son-haberler","tag-keseb","tag-lazkiye","tag-suriye","tag-suriye-denizi","tag-suriye-sahili","tag-turizm-bakanligi"],"_links":{"self":[{"href":"https:\/\/archive.sana.sy\/tr\/index.php?rest_route=\/wp\/v2\/posts\/142764","targetHints":{"allow":["GET"]}}],"collection":[{"href":"https:\/\/archive.sana.sy\/tr\/index.php?rest_route=\/wp\/v2\/posts"}],"about":[{"href":"https:\/\/archive.sana.sy\/tr\/index.php?rest_route=\/wp\/v2\/types\/post"}],"author":[{"embeddable":true,"href":"https:\/\/archive.sana.sy\/tr\/index.php?rest_route=\/wp\/v2\/users\/1"}],"replies":[{"embeddable":true,"href":"https:\/\/archive.sana.sy\/tr\/index.php?rest_route=%2Fwp%2Fv2%2Fcomments&post=142764"}],"version-history":[{"count":0,"href":"https:\/\/archive.sana.sy\/tr\/index.php?rest_route=\/wp\/v2\/posts\/142764\/revisions"}],"wp:featuredmedia":[{"embeddable":true,"href":"https:\/\/archive.sana.sy\/tr\/index.php?rest_route=\/wp\/v2\/media\/142765"}],"wp:attachment":[{"href":"https:\/\/archive.sana.sy\/tr\/index.php?rest_route=%2Fwp%2Fv2%2Fmedia&parent=142764"}],"wp:term":[{"taxonomy":"category","embeddable":true,"href":"https:\/\/archive.sana.sy\/tr\/index.php?rest_route=%2Fwp%2Fv2%2Fcategories&post=142764"},{"taxonomy":"post_tag","embeddable":true,"href":"https:\/\/archive.sana.sy\/tr\/index.php?rest_route=%2Fwp%2Fv2%2Ftags&post=142764"}],"curies":[{"name":"wp","href":"https:\/\/api.w.org\/{rel}","templated":true}]}}