{"id":142767,"date":"2018-03-25T16:24:15","date_gmt":"2018-03-25T14:24:15","guid":{"rendered":"https:\/\/www.sana.sy\/tr\/?p=142767"},"modified":"2018-03-25T16:24:15","modified_gmt":"2018-03-25T14:24:15","slug":"askeri-bir-kaynak-ordu-birliklerimizin-kizilay-orgutu-ile-isbirligi-icinde-sam-kirsali-dogu-gutada-vafidin-bolgesindeki-insani-koridor-uzerinden-bugun-geneli-cocuk-ve-kadin-olmak-uzere-1092-k","status":"publish","type":"post","link":"https:\/\/archive.sana.sy\/tr\/?p=142767","title":{"rendered":"Askeri bir kaynak ordu birliklerimizin K\u0131z\u0131lay \u00d6rg\u00fct\u00fc ile i\u015fbirli\u011fi i\u00e7inde \u015eam k\u0131rsal\u0131 Do\u011fu \u011euta\u2019da Vafidin B\u00f6lgesindeki insani koridor \u00fczerinden bug\u00fcn geneli \u00e7ocuk ve kad\u0131n olmak \u00fczere 1092 ki\u015fiyi tahliye ettiklerini belirtti"},"content":{"rendered":"<p>Askeri bir kaynak ordu birliklerimizin K\u0131z\u0131lay \u00d6rg\u00fct\u00fc ile i\u015fbirli\u011fi i\u00e7inde \u015eam k\u0131rsal\u0131 Do\u011fu \u011euta\u2019da Vafidin B\u00f6lgesindeki insani koridor \u00fczerinden bug\u00fcn geneli \u00e7ocuk ve kad\u0131n olmak \u00fczere 1092 ki\u015fiyi tahliye ettiklerini belirtti<\/p>\n","protected":false},"excerpt":{"rendered":"<p>Askeri bir kaynak ordu birliklerimizin K\u0131z\u0131lay \u00d6rg\u00fct\u00fc ile i\u015fbirli\u011fi i\u00e7inde \u015eam k\u0131rsal\u0131 Do\u011fu \u011euta\u2019da Vafidin B\u00f6lgesindeki insani koridor \u00fczerinden bug\u00fcn geneli \u00e7ocuk ve kad\u0131n olmak \u00fczere 1092 ki\u015fiyi tahliye ettiklerini belirtti<\/p>\n","protected":false},"author":1,"featured_media":0,"comment_status":"closed","ping_status":"closed","sticky":false,"template":"","format":"standard","meta":{"footnotes":""},"categories":[17991],"tags":[],"class_list":["post-142767","post","type-post","status-publish","format-standard","","category-son-dakika"],"_links":{"self":[{"href":"https:\/\/archive.sana.sy\/tr\/index.php?rest_route=\/wp\/v2\/posts\/142767","targetHints":{"allow":["GET"]}}],"collection":[{"href":"https:\/\/archive.sana.sy\/tr\/index.php?rest_route=\/wp\/v2\/posts"}],"about":[{"href":"https:\/\/archive.sana.sy\/tr\/index.php?rest_route=\/wp\/v2\/types\/post"}],"author":[{"embeddable":true,"href":"https:\/\/archive.sana.sy\/tr\/index.php?rest_route=\/wp\/v2\/users\/1"}],"replies":[{"embeddable":true,"href":"https:\/\/archive.sana.sy\/tr\/index.php?rest_route=%2Fwp%2Fv2%2Fcomments&post=142767"}],"version-history":[{"count":0,"href":"https:\/\/archive.sana.sy\/tr\/index.php?rest_route=\/wp\/v2\/posts\/142767\/revisions"}],"wp:attachment":[{"href":"https:\/\/archive.sana.sy\/tr\/index.php?rest_route=%2Fwp%2Fv2%2Fmedia&parent=142767"}],"wp:term":[{"taxonomy":"category","embeddable":true,"href":"https:\/\/archive.sana.sy\/tr\/index.php?rest_route=%2Fwp%2Fv2%2Fcategories&post=142767"},{"taxonomy":"post_tag","embeddable":true,"href":"https:\/\/archive.sana.sy\/tr\/index.php?rest_route=%2Fwp%2Fv2%2Ftags&post=142767"}],"curies":[{"name":"wp","href":"https:\/\/api.w.org\/{rel}","templated":true}]}}