{"id":142801,"date":"2018-03-26T12:11:18","date_gmt":"2018-03-26T10:11:18","guid":{"rendered":"https:\/\/www.sana.sy\/tr\/?p=142801"},"modified":"2018-03-26T12:11:18","modified_gmt":"2018-03-26T10:11:18","slug":"sam-kirsali-dogu-gutanin-vafidin-bolgesindeki-insani-koridordan-bugun-radikal-teroristlerin-baski-saldiri-gasp-ve-dayatmalarindan-kacan-sivil-vatandaslarin-tahliyeleri-devam-ediyor","status":"publish","type":"post","link":"https:\/\/archive.sana.sy\/tr\/?p=142801","title":{"rendered":"\u015eam k\u0131rsal\u0131 Do\u011fu \u011euta\u2019n\u0131n Vafidin B\u00f6lgesindeki insani koridordan bug\u00fcn radikal ter\u00f6ristlerin bask\u0131, sald\u0131r\u0131, gasp ve dayatmalar\u0131ndan ka\u00e7an sivil vatanda\u015flar\u0131n tahliyeleri devam ediyor"},"content":{"rendered":"<p>\u015eam k\u0131rsal\u0131 Do\u011fu \u011euta\u2019n\u0131n Vafidin B\u00f6lgesindeki insani koridordan bug\u00fcn radikal ter\u00f6ristlerin bask\u0131, sald\u0131r\u0131, gasp ve dayatmalar\u0131ndan ka\u00e7an sivil vatanda\u015flar\u0131n tahliyeleri devam ediyor<\/p>\n","protected":false},"excerpt":{"rendered":"<p>\u015eam k\u0131rsal\u0131 Do\u011fu \u011euta\u2019n\u0131n Vafidin B\u00f6lgesindeki insani koridordan bug\u00fcn radikal ter\u00f6ristlerin bask\u0131, sald\u0131r\u0131, gasp ve dayatmalar\u0131ndan ka\u00e7an sivil vatanda\u015flar\u0131n tahliyeleri devam ediyor<\/p>\n","protected":false},"author":1,"featured_media":0,"comment_status":"closed","ping_status":"closed","sticky":false,"template":"","format":"standard","meta":{"footnotes":""},"categories":[17991],"tags":[],"class_list":["post-142801","post","type-post","status-publish","format-standard","","category-son-dakika"],"_links":{"self":[{"href":"https:\/\/archive.sana.sy\/tr\/index.php?rest_route=\/wp\/v2\/posts\/142801","targetHints":{"allow":["GET"]}}],"collection":[{"href":"https:\/\/archive.sana.sy\/tr\/index.php?rest_route=\/wp\/v2\/posts"}],"about":[{"href":"https:\/\/archive.sana.sy\/tr\/index.php?rest_route=\/wp\/v2\/types\/post"}],"author":[{"embeddable":true,"href":"https:\/\/archive.sana.sy\/tr\/index.php?rest_route=\/wp\/v2\/users\/1"}],"replies":[{"embeddable":true,"href":"https:\/\/archive.sana.sy\/tr\/index.php?rest_route=%2Fwp%2Fv2%2Fcomments&post=142801"}],"version-history":[{"count":0,"href":"https:\/\/archive.sana.sy\/tr\/index.php?rest_route=\/wp\/v2\/posts\/142801\/revisions"}],"wp:attachment":[{"href":"https:\/\/archive.sana.sy\/tr\/index.php?rest_route=%2Fwp%2Fv2%2Fmedia&parent=142801"}],"wp:term":[{"taxonomy":"category","embeddable":true,"href":"https:\/\/archive.sana.sy\/tr\/index.php?rest_route=%2Fwp%2Fv2%2Fcategories&post=142801"},{"taxonomy":"post_tag","embeddable":true,"href":"https:\/\/archive.sana.sy\/tr\/index.php?rest_route=%2Fwp%2Fv2%2Ftags&post=142801"}],"curies":[{"name":"wp","href":"https:\/\/api.w.org\/{rel}","templated":true}]}}