{"id":142819,"date":"2018-03-26T09:02:36","date_gmt":"2018-03-26T07:02:36","guid":{"rendered":"https:\/\/www.sana.sy\/tr\/?p=142819"},"modified":"2018-03-27T14:44:25","modified_gmt":"2018-03-27T12:44:25","slug":"ruhani-uclu-zirvede-suriyedeki-durumlari-gorusecegiz","status":"publish","type":"post","link":"https:\/\/archive.sana.sy\/tr\/?p=142819","title":{"rendered":"Ruhani: \u00dc\u00e7l\u00fc Zirvede Suriye\u2019deki Durumlar\u0131 G\u00f6r\u00fc\u015fece\u011fiz"},"content":{"rendered":"<p>TAHRAN \u2013 \u0130ran Cumhurba\u015fkan\u0131 Hasan Ruhani yak\u0131n bir s\u00fcre i\u00e7inde Rusya, \u0130ran ve T\u00fcrkiye aras\u0131nda T\u00fcrkiye\u2019de d\u00fczenlenecek \u00fc\u00e7l\u00fc zirvede Suriye&#8217;deki durumlar\u0131 g\u00f6r\u00fc\u015feceklerini belirtti.<\/p>\n<p>Ruhani bug\u00fcn yapt\u0131\u011f\u0131 bas\u0131n a\u00e7\u0131klamalar\u0131nda \u00fc\u00e7l\u00fc zirvede Suriye&#8217;deki durumlar ve Suriye&#8217;de g\u00fcvenlik istikrar\u0131n sa\u011flanmas\u0131 meselesinin g\u00f6r\u00fc\u015f\u00fclece\u011fini a\u00e7\u0131klarken, bu g\u00f6r\u00fc\u015fmelerin ciddi ve olumlu sonu\u00e7lar getirmesi umudunu ifade etti.<\/p>\n","protected":false},"excerpt":{"rendered":"<p>TAHRAN \u2013 \u0130ran Cumhurba\u015fkan\u0131 Hasan Ruhani yak\u0131n bir s\u00fcre i\u00e7inde Rusya, \u0130ran ve T\u00fcrkiye aras\u0131nda T\u00fcrkiye\u2019de d\u00fczenlenecek \u00fc\u00e7l\u00fc zirvede Suriye&#8217;deki durumlar\u0131 g\u00f6r\u00fc\u015feceklerini belirtti. Ruhani bug\u00fcn yapt\u0131\u011f\u0131 bas\u0131n a\u00e7\u0131klamalar\u0131nda \u00fc\u00e7l\u00fc zirvede Suriye&#8217;deki durumlar ve Suriye&#8217;de g\u00fcvenlik istikrar\u0131n sa\u011flanmas\u0131 meselesinin g\u00f6r\u00fc\u015f\u00fclece\u011fini a\u00e7\u0131klarken, bu g\u00f6r\u00fc\u015fmelerin ciddi ve olumlu sonu\u00e7lar getirmesi umudunu ifade etti.<\/p>\n","protected":false},"author":1,"featured_media":142820,"comment_status":"closed","ping_status":"closed","sticky":false,"template":"","format":"standard","meta":{"footnotes":""},"categories":[458,459,17988],"tags":[3915,16820,16592,16591,3039,35568],"class_list":["post-142819","post","type-post","status-publish","format-standard","has-post-thumbnail","","category-dunya1","category-haberler-arap-uluslararasi-politika","category-son-haberler","tag-iran","tag-iran-cumhurbaskani-hasan-ruhani","tag-rusya","tag-suriye","tag-turkiye","tag-uclu-zirvede"],"_links":{"self":[{"href":"https:\/\/archive.sana.sy\/tr\/index.php?rest_route=\/wp\/v2\/posts\/142819","targetHints":{"allow":["GET"]}}],"collection":[{"href":"https:\/\/archive.sana.sy\/tr\/index.php?rest_route=\/wp\/v2\/posts"}],"about":[{"href":"https:\/\/archive.sana.sy\/tr\/index.php?rest_route=\/wp\/v2\/types\/post"}],"author":[{"embeddable":true,"href":"https:\/\/archive.sana.sy\/tr\/index.php?rest_route=\/wp\/v2\/users\/1"}],"replies":[{"embeddable":true,"href":"https:\/\/archive.sana.sy\/tr\/index.php?rest_route=%2Fwp%2Fv2%2Fcomments&post=142819"}],"version-history":[{"count":0,"href":"https:\/\/archive.sana.sy\/tr\/index.php?rest_route=\/wp\/v2\/posts\/142819\/revisions"}],"wp:featuredmedia":[{"embeddable":true,"href":"https:\/\/archive.sana.sy\/tr\/index.php?rest_route=\/wp\/v2\/media\/142820"}],"wp:attachment":[{"href":"https:\/\/archive.sana.sy\/tr\/index.php?rest_route=%2Fwp%2Fv2%2Fmedia&parent=142819"}],"wp:term":[{"taxonomy":"category","embeddable":true,"href":"https:\/\/archive.sana.sy\/tr\/index.php?rest_route=%2Fwp%2Fv2%2Fcategories&post=142819"},{"taxonomy":"post_tag","embeddable":true,"href":"https:\/\/archive.sana.sy\/tr\/index.php?rest_route=%2Fwp%2Fv2%2Ftags&post=142819"}],"curies":[{"name":"wp","href":"https:\/\/api.w.org\/{rel}","templated":true}]}}