{"id":142823,"date":"2018-03-26T12:15:38","date_gmt":"2018-03-26T10:15:38","guid":{"rendered":"https:\/\/www.sana.sy\/tr\/?p=142823"},"modified":"2018-03-27T14:44:22","modified_gmt":"2018-03-27T12:44:22","slug":"muallim-umman-sultanligini-ziyaret-ediyor","status":"publish","type":"post","link":"https:\/\/archive.sana.sy\/tr\/?p=142823","title":{"rendered":"Muallim Umman Sultanl\u0131\u011f\u0131n\u0131 Ziyaret Ediyor"},"content":{"rendered":"<p>\u015eAM \u2013 Ba\u015fkan Yard\u0131mc\u0131s\u0131 D\u0131\u015fi\u015fleri ve Gurbet\u00e7iler Bakan\u0131 Velid Muallim bug\u00fcn, Umman Sultanl\u0131\u011f\u0131 D\u0131\u015fi\u015fleri Bakan\u0131 Yusuf Bin Ulevi\u2019nin resmi davetlisi olarak Umman Sultanl\u0131\u011f\u0131na i\u015f ziyaretinde bulunuyor.<\/p>\n<p>Muallim kendisine e\u015flik eden heyet ile birlikte Umman Sultanl\u0131\u011f\u0131nda b\u00f6lgedeki son geli\u015fmeler ve durumlar\u0131n yan\u0131 s\u0131ra iki \u00fclke aras\u0131ndaki ili\u015fkileri muhtelif alanlarda geli\u015ftirme olanaklar\u0131n\u0131 masaya yat\u0131rmas\u0131 bekleniyor.<\/p>\n","protected":false},"excerpt":{"rendered":"<p>\u015eAM \u2013 Ba\u015fkan Yard\u0131mc\u0131s\u0131 D\u0131\u015fi\u015fleri ve Gurbet\u00e7iler Bakan\u0131 Velid Muallim bug\u00fcn, Umman Sultanl\u0131\u011f\u0131 D\u0131\u015fi\u015fleri Bakan\u0131 Yusuf Bin Ulevi\u2019nin resmi davetlisi olarak Umman Sultanl\u0131\u011f\u0131na i\u015f ziyaretinde bulunuyor. Muallim kendisine e\u015flik eden heyet ile birlikte Umman Sultanl\u0131\u011f\u0131nda b\u00f6lgedeki son geli\u015fmeler ve durumlar\u0131n yan\u0131 s\u0131ra iki \u00fclke aras\u0131ndaki ili\u015fkileri muhtelif alanlarda geli\u015ftirme olanaklar\u0131n\u0131 masaya yat\u0131rmas\u0131 bekleniyor.<\/p>\n","protected":false},"author":1,"featured_media":142960,"comment_status":"closed","ping_status":"closed","sticky":false,"template":"","format":"standard","meta":{"footnotes":""},"categories":[479,17988,478],"tags":[35570,35569,25967,25401,24154],"class_list":["post-142823","post","type-post","status-publish","format-standard","has-post-thumbnail","","category-haberler-yerel","category-son-haberler","category-yerel","tag-a-is-ziyaretinde","tag-baskan-yardimcisi-disisleri","tag-disisleri-ve-gurbetciler-bakani-velid-muallim","tag-umman-sultanligi","tag-umman-sultanligi-disisleri-bakani-yusuf-bin-ulevi"],"_links":{"self":[{"href":"https:\/\/archive.sana.sy\/tr\/index.php?rest_route=\/wp\/v2\/posts\/142823","targetHints":{"allow":["GET"]}}],"collection":[{"href":"https:\/\/archive.sana.sy\/tr\/index.php?rest_route=\/wp\/v2\/posts"}],"about":[{"href":"https:\/\/archive.sana.sy\/tr\/index.php?rest_route=\/wp\/v2\/types\/post"}],"author":[{"embeddable":true,"href":"https:\/\/archive.sana.sy\/tr\/index.php?rest_route=\/wp\/v2\/users\/1"}],"replies":[{"embeddable":true,"href":"https:\/\/archive.sana.sy\/tr\/index.php?rest_route=%2Fwp%2Fv2%2Fcomments&post=142823"}],"version-history":[{"count":0,"href":"https:\/\/archive.sana.sy\/tr\/index.php?rest_route=\/wp\/v2\/posts\/142823\/revisions"}],"wp:featuredmedia":[{"embeddable":true,"href":"https:\/\/archive.sana.sy\/tr\/index.php?rest_route=\/wp\/v2\/media\/142960"}],"wp:attachment":[{"href":"https:\/\/archive.sana.sy\/tr\/index.php?rest_route=%2Fwp%2Fv2%2Fmedia&parent=142823"}],"wp:term":[{"taxonomy":"category","embeddable":true,"href":"https:\/\/archive.sana.sy\/tr\/index.php?rest_route=%2Fwp%2Fv2%2Fcategories&post=142823"},{"taxonomy":"post_tag","embeddable":true,"href":"https:\/\/archive.sana.sy\/tr\/index.php?rest_route=%2Fwp%2Fv2%2Ftags&post=142823"}],"curies":[{"name":"wp","href":"https:\/\/api.w.org\/{rel}","templated":true}]}}