{"id":142891,"date":"2018-03-26T15:30:50","date_gmt":"2018-03-26T13:30:50","guid":{"rendered":"https:\/\/www.sana.sy\/tr\/?p=142891"},"modified":"2018-03-27T14:43:58","modified_gmt":"2018-03-27T12:43:58","slug":"dogu-guta-ahalisine-ucretsiz-tibbi-hizmetler-saglaniyor","status":"publish","type":"post","link":"https:\/\/archive.sana.sy\/tr\/?p=142891","title":{"rendered":"Do\u011fu \u011euta Ahalisine \u00dccretsiz T\u0131bbi Hizmetler Sa\u011flan\u0131yor"},"content":{"rendered":"<p>\u015eAM KIRSALI \u2013 Sa\u011fl\u0131k Bakanl\u0131\u011f\u0131na tabi ekipler bug\u00fcn \u015eam k\u0131rsal\u0131 Do\u011fu \u011euta\u2019da ordu birliklerimizin radikal ter\u00f6ristlerden kurtard\u0131klar\u0131 Sakba Beldesi ahalisine \u00fccretsiz olarak muhtelif sa\u011fl\u0131k hizmetleri takdim ettiler.<\/p>\n<p>Sa\u011fl\u0131k Bakanl\u0131\u011f\u0131nda bir kaynak y\u0131llard\u0131r ter\u00f6ristlerin dayatma ve sald\u0131r\u0131lar\u0131na maruz kal\u0131p rehine olarak kullan\u0131lan beldede 0 ila 12 ya\u015f aras\u0131 t\u00fcm \u00e7ocuklar\u0131n t\u00fcm a\u015f\u0131lar\u0131n\u0131n yap\u0131ld\u0131\u011f\u0131n\u0131 ifade etti. Kaynak beldede belli ba\u015fl\u0131 noktalarda konumlanan sa\u011fl\u0131k ekipleri ve mobil polikliniklerin belde ahalisine \u00fccretsiz hizmetlerini s\u00fcrd\u00fcreceklerini belirtti.<\/p>\n<div id='gallery-1' class='gallery galleryid-142891 gallery-columns-4 gallery-size-thumbnail'><figure class='gallery-item'>\n\t\t\t<div class='gallery-icon landscape'>\n\t\t\t\t<a href='https:\/\/archive.sana.sy\/tr\/wp-content\/uploads\/2018\/03\/2-119.jpg'><img loading=\"lazy\" decoding=\"async\" width=\"150\" height=\"113\" src=\"https:\/\/archive.sana.sy\/tr\/wp-content\/uploads\/2018\/03\/2-119-150x113.jpg\" class=\"attachment-thumbnail size-thumbnail\" alt=\"\" srcset=\"https:\/\/archive.sana.sy\/tr\/wp-content\/uploads\/2018\/03\/2-119-150x113.jpg 150w, https:\/\/archive.sana.sy\/tr\/wp-content\/uploads\/2018\/03\/2-119-300x225.jpg 300w, https:\/\/archive.sana.sy\/tr\/wp-content\/uploads\/2018\/03\/2-119-768x576.jpg 768w, https:\/\/archive.sana.sy\/tr\/wp-content\/uploads\/2018\/03\/2-119-1024x768.jpg 1024w, https:\/\/archive.sana.sy\/tr\/wp-content\/uploads\/2018\/03\/2-119.jpg 1200w\" sizes=\"auto, (max-width: 150px) 100vw, 150px\" \/><\/a>\n\t\t\t<\/div><\/figure><figure class='gallery-item'>\n\t\t\t<div class='gallery-icon landscape'>\n\t\t\t\t<a href='https:\/\/archive.sana.sy\/tr\/wp-content\/uploads\/2018\/03\/3-88.jpg'><img loading=\"lazy\" decoding=\"async\" width=\"150\" height=\"113\" src=\"https:\/\/archive.sana.sy\/tr\/wp-content\/uploads\/2018\/03\/3-88-150x113.jpg\" class=\"attachment-thumbnail size-thumbnail\" alt=\"\" srcset=\"https:\/\/archive.sana.sy\/tr\/wp-content\/uploads\/2018\/03\/3-88-150x113.jpg 150w, https:\/\/archive.sana.sy\/tr\/wp-content\/uploads\/2018\/03\/3-88-300x225.jpg 300w, https:\/\/archive.sana.sy\/tr\/wp-content\/uploads\/2018\/03\/3-88-768x576.jpg 768w, https:\/\/archive.sana.sy\/tr\/wp-content\/uploads\/2018\/03\/3-88-1024x768.jpg 1024w, https:\/\/archive.sana.sy\/tr\/wp-content\/uploads\/2018\/03\/3-88.jpg 1200w\" sizes=\"auto, (max-width: 150px) 100vw, 150px\" \/><\/a>\n\t\t\t<\/div><\/figure><figure class='gallery-item'>\n\t\t\t<div class='gallery-icon landscape'>\n\t\t\t\t<a href='https:\/\/archive.sana.sy\/tr\/wp-content\/uploads\/2018\/03\/4-55.jpg'><img loading=\"lazy\" decoding=\"async\" width=\"150\" height=\"113\" src=\"https:\/\/archive.sana.sy\/tr\/wp-content\/uploads\/2018\/03\/4-55-150x113.jpg\" class=\"attachment-thumbnail size-thumbnail\" alt=\"\" srcset=\"https:\/\/archive.sana.sy\/tr\/wp-content\/uploads\/2018\/03\/4-55-150x113.jpg 150w, https:\/\/archive.sana.sy\/tr\/wp-content\/uploads\/2018\/03\/4-55-300x225.jpg 300w, https:\/\/archive.sana.sy\/tr\/wp-content\/uploads\/2018\/03\/4-55-768x576.jpg 768w, https:\/\/archive.sana.sy\/tr\/wp-content\/uploads\/2018\/03\/4-55-1024x768.jpg 1024w, https:\/\/archive.sana.sy\/tr\/wp-content\/uploads\/2018\/03\/4-55.jpg 1200w\" sizes=\"auto, (max-width: 150px) 100vw, 150px\" \/><\/a>\n\t\t\t<\/div><\/figure><figure class='gallery-item'>\n\t\t\t<div class='gallery-icon landscape'>\n\t\t\t\t<a href='https:\/\/archive.sana.sy\/tr\/wp-content\/uploads\/2018\/03\/5-40.jpg'><img loading=\"lazy\" decoding=\"async\" width=\"150\" height=\"113\" src=\"https:\/\/archive.sana.sy\/tr\/wp-content\/uploads\/2018\/03\/5-40-150x113.jpg\" class=\"attachment-thumbnail size-thumbnail\" alt=\"\" srcset=\"https:\/\/archive.sana.sy\/tr\/wp-content\/uploads\/2018\/03\/5-40-150x113.jpg 150w, https:\/\/archive.sana.sy\/tr\/wp-content\/uploads\/2018\/03\/5-40-300x225.jpg 300w, https:\/\/archive.sana.sy\/tr\/wp-content\/uploads\/2018\/03\/5-40-768x576.jpg 768w, https:\/\/archive.sana.sy\/tr\/wp-content\/uploads\/2018\/03\/5-40-1024x768.jpg 1024w, https:\/\/archive.sana.sy\/tr\/wp-content\/uploads\/2018\/03\/5-40.jpg 1200w\" sizes=\"auto, (max-width: 150px) 100vw, 150px\" \/><\/a>\n\t\t\t<\/div><\/figure>\n\t\t<\/div>\n\n","protected":false},"excerpt":{"rendered":"<p>\u015eAM KIRSALI \u2013 Sa\u011fl\u0131k Bakanl\u0131\u011f\u0131na tabi ekipler bug\u00fcn \u015eam k\u0131rsal\u0131 Do\u011fu \u011euta\u2019da ordu birliklerimizin radikal ter\u00f6ristlerden kurtard\u0131klar\u0131 Sakba Beldesi ahalisine \u00fccretsiz olarak muhtelif sa\u011fl\u0131k hizmetleri takdim ettiler. Sa\u011fl\u0131k Bakanl\u0131\u011f\u0131nda bir kaynak y\u0131llard\u0131r ter\u00f6ristlerin dayatma ve sald\u0131r\u0131lar\u0131na maruz kal\u0131p rehine olarak kullan\u0131lan beldede 0 ila 12 ya\u015f aras\u0131 t\u00fcm \u00e7ocuklar\u0131n t\u00fcm a\u015f\u0131lar\u0131n\u0131n yap\u0131ld\u0131\u011f\u0131n\u0131 ifade etti. Kaynak &hellip;<\/p>\n","protected":false},"author":1,"featured_media":142906,"comment_status":"closed","ping_status":"closed","sticky":false,"template":"","format":"standard","meta":{"footnotes":""},"categories":[596,479,17988,478],"tags":[17322,13777,29770,35578,16591,22181],"class_list":["post-142891","post","type-post","status-publish","format-standard","has-post-thumbnail","","category-fotografli-raporlar","category-haberler-yerel","category-son-haberler","category-yerel","tag-dogu-guta","tag-saglik-bakanligi","tag-saglik-hizmetleri","tag-sam-kisali","tag-suriye","tag-suriyeliler"],"_links":{"self":[{"href":"https:\/\/archive.sana.sy\/tr\/index.php?rest_route=\/wp\/v2\/posts\/142891","targetHints":{"allow":["GET"]}}],"collection":[{"href":"https:\/\/archive.sana.sy\/tr\/index.php?rest_route=\/wp\/v2\/posts"}],"about":[{"href":"https:\/\/archive.sana.sy\/tr\/index.php?rest_route=\/wp\/v2\/types\/post"}],"author":[{"embeddable":true,"href":"https:\/\/archive.sana.sy\/tr\/index.php?rest_route=\/wp\/v2\/users\/1"}],"replies":[{"embeddable":true,"href":"https:\/\/archive.sana.sy\/tr\/index.php?rest_route=%2Fwp%2Fv2%2Fcomments&post=142891"}],"version-history":[{"count":0,"href":"https:\/\/archive.sana.sy\/tr\/index.php?rest_route=\/wp\/v2\/posts\/142891\/revisions"}],"wp:featuredmedia":[{"embeddable":true,"href":"https:\/\/archive.sana.sy\/tr\/index.php?rest_route=\/wp\/v2\/media\/142906"}],"wp:attachment":[{"href":"https:\/\/archive.sana.sy\/tr\/index.php?rest_route=%2Fwp%2Fv2%2Fmedia&parent=142891"}],"wp:term":[{"taxonomy":"category","embeddable":true,"href":"https:\/\/archive.sana.sy\/tr\/index.php?rest_route=%2Fwp%2Fv2%2Fcategories&post=142891"},{"taxonomy":"post_tag","embeddable":true,"href":"https:\/\/archive.sana.sy\/tr\/index.php?rest_route=%2Fwp%2Fv2%2Ftags&post=142891"}],"curies":[{"name":"wp","href":"https:\/\/api.w.org\/{rel}","templated":true}]}}