{"id":142919,"date":"2018-03-26T15:47:33","date_gmt":"2018-03-26T13:47:33","guid":{"rendered":"https:\/\/www.sana.sy\/tr\/?p=142919"},"modified":"2018-03-27T14:43:56","modified_gmt":"2018-03-27T12:43:56","slug":"posta-pullari-basit-kagitlardan-ibaret-degildir","status":"publish","type":"post","link":"https:\/\/archive.sana.sy\/tr\/?p=142919","title":{"rendered":"Posta Pullar\u0131 Basit Ka\u011f\u0131tlardan \u0130baret De\u011fildir"},"content":{"rendered":"<p>HALEP \u2013 Halep\u2019te Pul Koleksiyonlar\u0131 Kul\u00fcb\u00fc 5 y\u0131l s\u00fcren kesintiden sonra yeniden faaliyetlerine ba\u015flarken, sergi ve panellerin yan\u0131 s\u0131ra bir dizi faaliyetlerde bulunuyor.<\/p>\n<p>Kul\u00fcb\u00fcn d\u00fczenledi\u011fi sergi kat\u0131l\u0131mc\u0131lar\u0131ndan biri say\u0131lan ve Halep\u2019te en me\u015fhur pul koleksiyoncusu olan Livon Nazaryan, posta pullar\u0131n\u0131n basit bir ka\u011f\u0131ttan ibaret olmad\u0131klar\u0131na dikkat \u00e7ekti.<a href=\"https:\/\/www.sana.sy\/tr\/wp-content\/uploads\/2018\/03\/1-240.jpg\"><img loading=\"lazy\" decoding=\"async\" class=\"alignright wp-image-142922 size-medium\" src=\"https:\/\/www.sana.sy\/tr\/wp-content\/uploads\/2018\/03\/1-240-300x200.jpg\" alt=\"\" width=\"300\" height=\"200\" srcset=\"https:\/\/archive.sana.sy\/tr\/wp-content\/uploads\/2018\/03\/1-240-300x200.jpg 300w, https:\/\/archive.sana.sy\/tr\/wp-content\/uploads\/2018\/03\/1-240-150x100.jpg 150w, https:\/\/archive.sana.sy\/tr\/wp-content\/uploads\/2018\/03\/1-240-768x512.jpg 768w, https:\/\/archive.sana.sy\/tr\/wp-content\/uploads\/2018\/03\/1-240-1024x683.jpg 1024w, https:\/\/archive.sana.sy\/tr\/wp-content\/uploads\/2018\/03\/1-240.jpg 1200w\" sizes=\"auto, (max-width: 300px) 100vw, 300px\" \/><\/a><\/p>\n<p>Nazaryan posta pullar\u0131n\u0131n her \u00fclkenin birer kimlik belgesi ve b\u00fcy\u00fckel\u00e7isi say\u0131ld\u0131\u011f\u0131n\u0131 ifade ederken, o \u00fclkede ulusal ve sosyal m\u00fcnasebetleri g\u00f6zlemleyip belgeledi\u011fini s\u00f6yledi. Posta pullar\u0131n\u0131n her \u00fclkede ulusal \u015fahsiyetleri, turizm yerleri ve medeniyetleri de belgeledi\u011fine dikkat \u00e7eken Nazaryan, ayn\u0131 zamanda en bariz olaylar\u0131 da belgeledi\u011fini s\u00f6zlerine ekledi.<\/p>\n<p>Nazaryan posta pullar\u0131 koleksiyonuna hen\u00fcz yedi ya\u015flar\u0131nda ba\u015flad\u0131\u011f\u0131n\u0131 ve 1970\u2019li y\u0131llardan beri bu hobisini hayata ge\u00e7irdi\u011fini kaydederken, hobinin babas\u0131ndan kald\u0131\u011f\u0131na i\u015faret etti.<\/p>\n<p>Halepli pul koleksiyoncusu Nazaryan; son s\u00fcre\u00e7 i\u00e7inde Suriye&#8217;de ya\u015fanan olaylar\u0131 pullarla belgeledi\u011fini kaydederken, pul koleksiyonu hobisinin k\u00fclt\u00fcrel a\u00e7\u0131dan \u00f6nemine de vurgu yapt\u0131.<\/p>\n<div id='gallery-1' class='gallery galleryid-142919 gallery-columns-3 gallery-size-thumbnail'><figure class='gallery-item'>\n\t\t\t<div class='gallery-icon landscape'>\n\t\t\t\t<a href='https:\/\/archive.sana.sy\/tr\/wp-content\/uploads\/2018\/03\/2-121.jpg'><img loading=\"lazy\" decoding=\"async\" width=\"150\" height=\"105\" src=\"https:\/\/archive.sana.sy\/tr\/wp-content\/uploads\/2018\/03\/2-121-150x105.jpg\" class=\"attachment-thumbnail size-thumbnail\" alt=\"\" srcset=\"https:\/\/archive.sana.sy\/tr\/wp-content\/uploads\/2018\/03\/2-121-150x105.jpg 150w, https:\/\/archive.sana.sy\/tr\/wp-content\/uploads\/2018\/03\/2-121-300x209.jpg 300w, https:\/\/archive.sana.sy\/tr\/wp-content\/uploads\/2018\/03\/2-121-768x535.jpg 768w, https:\/\/archive.sana.sy\/tr\/wp-content\/uploads\/2018\/03\/2-121-1024x713.jpg 1024w, https:\/\/archive.sana.sy\/tr\/wp-content\/uploads\/2018\/03\/2-121.jpg 1200w\" sizes=\"auto, (max-width: 150px) 100vw, 150px\" \/><\/a>\n\t\t\t<\/div><\/figure><figure class='gallery-item'>\n\t\t\t<div class='gallery-icon landscape'>\n\t\t\t\t<a href='https:\/\/archive.sana.sy\/tr\/wp-content\/uploads\/2018\/03\/3-89.jpg'><img loading=\"lazy\" decoding=\"async\" width=\"150\" height=\"100\" src=\"https:\/\/archive.sana.sy\/tr\/wp-content\/uploads\/2018\/03\/3-89-150x100.jpg\" class=\"attachment-thumbnail size-thumbnail\" alt=\"\" srcset=\"https:\/\/archive.sana.sy\/tr\/wp-content\/uploads\/2018\/03\/3-89-150x100.jpg 150w, https:\/\/archive.sana.sy\/tr\/wp-content\/uploads\/2018\/03\/3-89-300x200.jpg 300w, https:\/\/archive.sana.sy\/tr\/wp-content\/uploads\/2018\/03\/3-89-768x512.jpg 768w, https:\/\/archive.sana.sy\/tr\/wp-content\/uploads\/2018\/03\/3-89-1024x683.jpg 1024w, https:\/\/archive.sana.sy\/tr\/wp-content\/uploads\/2018\/03\/3-89-310x205.jpg 310w, https:\/\/archive.sana.sy\/tr\/wp-content\/uploads\/2018\/03\/3-89.jpg 1200w\" sizes=\"auto, (max-width: 150px) 100vw, 150px\" \/><\/a>\n\t\t\t<\/div><\/figure><figure class='gallery-item'>\n\t\t\t<div class='gallery-icon landscape'>\n\t\t\t\t<a href='https:\/\/archive.sana.sy\/tr\/wp-content\/uploads\/2018\/03\/4-56.jpg'><img loading=\"lazy\" decoding=\"async\" width=\"150\" height=\"100\" src=\"https:\/\/archive.sana.sy\/tr\/wp-content\/uploads\/2018\/03\/4-56-150x100.jpg\" class=\"attachment-thumbnail size-thumbnail\" alt=\"\" srcset=\"https:\/\/archive.sana.sy\/tr\/wp-content\/uploads\/2018\/03\/4-56-150x100.jpg 150w, https:\/\/archive.sana.sy\/tr\/wp-content\/uploads\/2018\/03\/4-56-300x200.jpg 300w, https:\/\/archive.sana.sy\/tr\/wp-content\/uploads\/2018\/03\/4-56-768x512.jpg 768w, https:\/\/archive.sana.sy\/tr\/wp-content\/uploads\/2018\/03\/4-56-1024x683.jpg 1024w, https:\/\/archive.sana.sy\/tr\/wp-content\/uploads\/2018\/03\/4-56-310x205.jpg 310w, https:\/\/archive.sana.sy\/tr\/wp-content\/uploads\/2018\/03\/4-56.jpg 1200w\" sizes=\"auto, (max-width: 150px) 100vw, 150px\" \/><\/a>\n\t\t\t<\/div><\/figure>\n\t\t<\/div>\n\n","protected":false},"excerpt":{"rendered":"<p>HALEP \u2013 Halep\u2019te Pul Koleksiyonlar\u0131 Kul\u00fcb\u00fc 5 y\u0131l s\u00fcren kesintiden sonra yeniden faaliyetlerine ba\u015flarken, sergi ve panellerin yan\u0131 s\u0131ra bir dizi faaliyetlerde bulunuyor. Kul\u00fcb\u00fcn d\u00fczenledi\u011fi sergi kat\u0131l\u0131mc\u0131lar\u0131ndan biri say\u0131lan ve Halep\u2019te en me\u015fhur pul koleksiyoncusu olan Livon Nazaryan, posta pullar\u0131n\u0131n basit bir ka\u011f\u0131ttan ibaret olmad\u0131klar\u0131na dikkat \u00e7ekti. Nazaryan posta pullar\u0131n\u0131n her \u00fclkenin birer kimlik belgesi &hellip;<\/p>\n","protected":false},"author":1,"featured_media":142921,"comment_status":"closed","ping_status":"closed","sticky":false,"template":"","format":"standard","meta":{"footnotes":""},"categories":[596,516,479,511,17988,478],"tags":[1132,35580,35579],"class_list":["post-142919","post","type-post","status-publish","format-standard","has-post-thumbnail","","category-fotografli-raporlar","category-haberler-kultur-ve-sanat","category-haberler-yerel","category-kultur-ve-sanat","category-son-haberler","category-yerel","tag-halep","tag-posta-pullari","tag-pul-kolleksiyonu"],"_links":{"self":[{"href":"https:\/\/archive.sana.sy\/tr\/index.php?rest_route=\/wp\/v2\/posts\/142919","targetHints":{"allow":["GET"]}}],"collection":[{"href":"https:\/\/archive.sana.sy\/tr\/index.php?rest_route=\/wp\/v2\/posts"}],"about":[{"href":"https:\/\/archive.sana.sy\/tr\/index.php?rest_route=\/wp\/v2\/types\/post"}],"author":[{"embeddable":true,"href":"https:\/\/archive.sana.sy\/tr\/index.php?rest_route=\/wp\/v2\/users\/1"}],"replies":[{"embeddable":true,"href":"https:\/\/archive.sana.sy\/tr\/index.php?rest_route=%2Fwp%2Fv2%2Fcomments&post=142919"}],"version-history":[{"count":0,"href":"https:\/\/archive.sana.sy\/tr\/index.php?rest_route=\/wp\/v2\/posts\/142919\/revisions"}],"wp:featuredmedia":[{"embeddable":true,"href":"https:\/\/archive.sana.sy\/tr\/index.php?rest_route=\/wp\/v2\/media\/142921"}],"wp:attachment":[{"href":"https:\/\/archive.sana.sy\/tr\/index.php?rest_route=%2Fwp%2Fv2%2Fmedia&parent=142919"}],"wp:term":[{"taxonomy":"category","embeddable":true,"href":"https:\/\/archive.sana.sy\/tr\/index.php?rest_route=%2Fwp%2Fv2%2Fcategories&post=142919"},{"taxonomy":"post_tag","embeddable":true,"href":"https:\/\/archive.sana.sy\/tr\/index.php?rest_route=%2Fwp%2Fv2%2Ftags&post=142919"}],"curies":[{"name":"wp","href":"https:\/\/api.w.org\/{rel}","templated":true}]}}