{"id":143015,"date":"2018-03-27T14:11:46","date_gmt":"2018-03-27T12:11:46","guid":{"rendered":"https:\/\/www.sana.sy\/tr\/?p=143015"},"modified":"2018-03-28T12:13:41","modified_gmt":"2018-03-28T10:13:41","slug":"halk-kitleleri-turkiye-rejiminin-saldirilarini-kinadi","status":"publish","type":"post","link":"https:\/\/archive.sana.sy\/tr\/?p=143015","title":{"rendered":"Halk Kitleleri T\u00fcrkiye Rejiminin Sald\u0131r\u0131lar\u0131n\u0131 K\u0131nad\u0131 (video)"},"content":{"rendered":"<p>HALEP \u2013 Halep Kentinin Sadullah el Cabiri Meydan\u0131 bug\u00fcn; T\u00fcrkiye rejim g\u00fc\u00e7leri ve onlara tabi ter\u00f6ristlerin Afrin Kentine sald\u0131r\u0131lar\u0131n\u0131 keskin bir dille k\u0131nayan halk kitlelerinin g\u00f6sterisine tan\u0131k oldu.<a href=\"https:\/\/www.sana.sy\/tr\/wp-content\/uploads\/2018\/03\/05-4.jpg\"><img loading=\"lazy\" decoding=\"async\" class=\"alignright wp-image-143018 size-medium\" src=\"https:\/\/www.sana.sy\/tr\/wp-content\/uploads\/2018\/03\/05-4-300x180.jpg\" alt=\"\" width=\"300\" height=\"180\" srcset=\"https:\/\/archive.sana.sy\/tr\/wp-content\/uploads\/2018\/03\/05-4-300x180.jpg 300w, https:\/\/archive.sana.sy\/tr\/wp-content\/uploads\/2018\/03\/05-4-150x90.jpg 150w, https:\/\/archive.sana.sy\/tr\/wp-content\/uploads\/2018\/03\/05-4-768x461.jpg 768w, https:\/\/archive.sana.sy\/tr\/wp-content\/uploads\/2018\/03\/05-4-1024x615.jpg 1024w, https:\/\/archive.sana.sy\/tr\/wp-content\/uploads\/2018\/03\/05-4.jpg 1166w\" sizes=\"auto, (max-width: 300px) 100vw, 300px\" \/><\/a><\/p>\n<p>Kalabal\u0131k halk kitleleri gasp ve i\u015fgal amac\u0131 ta\u015f\u0131yan bu sald\u0131r\u0131lar\u0131n Halep k\u0131rsal\u0131nda yol a\u00e7t\u0131\u011f\u0131 insani durumlara dikkat \u00e7ekerken, I\u015e\u0130D ve Nusra Cephesinin yan\u0131 s\u0131ra di\u011fer ter\u00f6r \u00f6rg\u00fctlere deste\u011fi ile bilinen Erdo\u011fan rejimini k\u0131nad\u0131.<\/p>\n<p>Halk kitleleri Erdo\u011fan rejiminin Halep k\u0131rsal\u0131nda bulundu\u011fu sald\u0131r\u0131lar\u0131n amac\u0131 konusunda ger\u00e7eklerden uzak as\u0131ls\u0131z iddialar \u00f6ne s\u00fcrd\u00fc\u011f\u00fcne dikkat \u00e7ekerek, yedi y\u0131ld\u0131r Suriye ve halk\u0131na kar\u015f\u0131 sava\u015fta radikal ter\u00f6r\u00fc destekleyen Erdo\u011fan rejiminin as\u0131l amac\u0131n\u0131n gasp ve i\u015fgal oldu\u011funa i\u015faret etti.<\/p>\n<div id='gallery-1' class='gallery galleryid-143015 gallery-columns-3 gallery-size-thumbnail'><figure class='gallery-item'>\n\t\t\t<div class='gallery-icon landscape'>\n\t\t\t\t<a href='https:\/\/archive.sana.sy\/tr\/wp-content\/uploads\/2018\/03\/01-8.jpg'><img loading=\"lazy\" decoding=\"async\" width=\"150\" height=\"90\" src=\"https:\/\/archive.sana.sy\/tr\/wp-content\/uploads\/2018\/03\/01-8-150x90.jpg\" class=\"attachment-thumbnail size-thumbnail\" alt=\"\" srcset=\"https:\/\/archive.sana.sy\/tr\/wp-content\/uploads\/2018\/03\/01-8-150x90.jpg 150w, https:\/\/archive.sana.sy\/tr\/wp-content\/uploads\/2018\/03\/01-8-300x180.jpg 300w, https:\/\/archive.sana.sy\/tr\/wp-content\/uploads\/2018\/03\/01-8-768x461.jpg 768w, https:\/\/archive.sana.sy\/tr\/wp-content\/uploads\/2018\/03\/01-8-1024x615.jpg 1024w, https:\/\/archive.sana.sy\/tr\/wp-content\/uploads\/2018\/03\/01-8.jpg 1166w\" sizes=\"auto, (max-width: 150px) 100vw, 150px\" \/><\/a>\n\t\t\t<\/div><\/figure><figure class='gallery-item'>\n\t\t\t<div class='gallery-icon landscape'>\n\t\t\t\t<a href='https:\/\/archive.sana.sy\/tr\/wp-content\/uploads\/2018\/03\/02-10.jpg'><img loading=\"lazy\" decoding=\"async\" width=\"150\" height=\"90\" src=\"https:\/\/archive.sana.sy\/tr\/wp-content\/uploads\/2018\/03\/02-10-150x90.jpg\" class=\"attachment-thumbnail size-thumbnail\" alt=\"\" srcset=\"https:\/\/archive.sana.sy\/tr\/wp-content\/uploads\/2018\/03\/02-10-150x90.jpg 150w, https:\/\/archive.sana.sy\/tr\/wp-content\/uploads\/2018\/03\/02-10-300x180.jpg 300w, https:\/\/archive.sana.sy\/tr\/wp-content\/uploads\/2018\/03\/02-10-768x461.jpg 768w, https:\/\/archive.sana.sy\/tr\/wp-content\/uploads\/2018\/03\/02-10-1024x615.jpg 1024w, https:\/\/archive.sana.sy\/tr\/wp-content\/uploads\/2018\/03\/02-10.jpg 1166w\" sizes=\"auto, (max-width: 150px) 100vw, 150px\" \/><\/a>\n\t\t\t<\/div><\/figure><figure class='gallery-item'>\n\t\t\t<div class='gallery-icon landscape'>\n\t\t\t\t<a href='https:\/\/archive.sana.sy\/tr\/wp-content\/uploads\/2018\/03\/04-4.jpg'><img loading=\"lazy\" decoding=\"async\" width=\"150\" height=\"90\" src=\"https:\/\/archive.sana.sy\/tr\/wp-content\/uploads\/2018\/03\/04-4-150x90.jpg\" class=\"attachment-thumbnail size-thumbnail\" alt=\"\" srcset=\"https:\/\/archive.sana.sy\/tr\/wp-content\/uploads\/2018\/03\/04-4-150x90.jpg 150w, https:\/\/archive.sana.sy\/tr\/wp-content\/uploads\/2018\/03\/04-4-300x180.jpg 300w, https:\/\/archive.sana.sy\/tr\/wp-content\/uploads\/2018\/03\/04-4-768x461.jpg 768w, https:\/\/archive.sana.sy\/tr\/wp-content\/uploads\/2018\/03\/04-4-1024x615.jpg 1024w, https:\/\/archive.sana.sy\/tr\/wp-content\/uploads\/2018\/03\/04-4.jpg 1166w\" sizes=\"auto, (max-width: 150px) 100vw, 150px\" \/><\/a>\n\t\t\t<\/div><\/figure>\n\t\t<\/div>\n\n<p>https:\/\/www.youtube.com\/watch?v=K6cwdq9zffs<\/p>\n","protected":false},"excerpt":{"rendered":"<p>HALEP \u2013 Halep Kentinin Sadullah el Cabiri Meydan\u0131 bug\u00fcn; T\u00fcrkiye rejim g\u00fc\u00e7leri ve onlara tabi ter\u00f6ristlerin Afrin Kentine sald\u0131r\u0131lar\u0131n\u0131 keskin bir dille k\u0131nayan halk kitlelerinin g\u00f6sterisine tan\u0131k oldu. Kalabal\u0131k halk kitleleri gasp ve i\u015fgal amac\u0131 ta\u015f\u0131yan bu sald\u0131r\u0131lar\u0131n Halep k\u0131rsal\u0131nda yol a\u00e7t\u0131\u011f\u0131 insani durumlara dikkat \u00e7ekerken, I\u015e\u0130D ve Nusra Cephesinin yan\u0131 s\u0131ra di\u011fer ter\u00f6r \u00f6rg\u00fctlere &hellip;<\/p>\n","protected":false},"author":1,"featured_media":143017,"comment_status":"closed","ping_status":"closed","sticky":false,"template":"","format":"standard","meta":{"footnotes":""},"categories":[596,479,17988,2554,2555,478],"tags":[4096,34542,27461,1132,34501,35584,24282,34554],"class_list":["post-143015","post","type-post","status-publish","format-standard","has-post-thumbnail","","category-fotografli-raporlar","category-haberler-yerel","category-son-haberler","category-suriye-ve-dunya","category-suriye-ve-turkiye","category-yerel","tag-afrin","tag-afrin-operasyonu","tag-firat-kalkani","tag-halep","tag-suriyeye-operasyon","tag-tel-refat","tag-turk-askerleri","tag-zeytin-dali-operasyonu"],"_links":{"self":[{"href":"https:\/\/archive.sana.sy\/tr\/index.php?rest_route=\/wp\/v2\/posts\/143015","targetHints":{"allow":["GET"]}}],"collection":[{"href":"https:\/\/archive.sana.sy\/tr\/index.php?rest_route=\/wp\/v2\/posts"}],"about":[{"href":"https:\/\/archive.sana.sy\/tr\/index.php?rest_route=\/wp\/v2\/types\/post"}],"author":[{"embeddable":true,"href":"https:\/\/archive.sana.sy\/tr\/index.php?rest_route=\/wp\/v2\/users\/1"}],"replies":[{"embeddable":true,"href":"https:\/\/archive.sana.sy\/tr\/index.php?rest_route=%2Fwp%2Fv2%2Fcomments&post=143015"}],"version-history":[{"count":0,"href":"https:\/\/archive.sana.sy\/tr\/index.php?rest_route=\/wp\/v2\/posts\/143015\/revisions"}],"wp:featuredmedia":[{"embeddable":true,"href":"https:\/\/archive.sana.sy\/tr\/index.php?rest_route=\/wp\/v2\/media\/143017"}],"wp:attachment":[{"href":"https:\/\/archive.sana.sy\/tr\/index.php?rest_route=%2Fwp%2Fv2%2Fmedia&parent=143015"}],"wp:term":[{"taxonomy":"category","embeddable":true,"href":"https:\/\/archive.sana.sy\/tr\/index.php?rest_route=%2Fwp%2Fv2%2Fcategories&post=143015"},{"taxonomy":"post_tag","embeddable":true,"href":"https:\/\/archive.sana.sy\/tr\/index.php?rest_route=%2Fwp%2Fv2%2Ftags&post=143015"}],"curies":[{"name":"wp","href":"https:\/\/api.w.org\/{rel}","templated":true}]}}