{"id":14313,"date":"2014-11-01T12:15:42","date_gmt":"2014-11-01T10:15:42","guid":{"rendered":"http:\/\/www.sana.sy\/tr\/?p=14313"},"modified":"2014-11-01T12:12:18","modified_gmt":"2014-11-01T10:12:18","slug":"askeri-kaynak-ordu-birliklerimizin-kunaytra-kirsali-um-batina-yolu-cevresinde-icindeki-teroristlerle-birlikte-bir-kac-hucreyi-etkisiz-hale-getirdiklerini-operasyonlarda-cok-sayida-teroristin-de-oldur","status":"publish","type":"post","link":"https:\/\/archive.sana.sy\/tr\/?p=14313","title":{"rendered":"Askeri kaynak, ordu birliklerimizin Kunaytra k\u0131rsal\u0131 Um Bat\u0131na yolu \u00e7evresinde i\u00e7indeki ter\u00f6ristlerle birlikte bir ka\u00e7 h\u00fccreyi etkisiz hale getirdiklerini operasyonlarda \u00e7ok say\u0131da ter\u00f6ristin de \u00f6ld\u00fcr\u00fcld\u00fc\u011f\u00fcn\u00fc ifade etti."},"content":{"rendered":"<p>Askeri kaynak, ordu birliklerimizin Kunaytra k\u0131rsal\u0131 Um Bat\u0131na yolu \u00e7evresinde i\u00e7indeki ter\u00f6ristlerle birlikte bir ka\u00e7 h\u00fccreyi etkisiz hale getirdiklerini operasyonlarda \u00e7ok say\u0131da ter\u00f6ristin de \u00f6ld\u00fcr\u00fcld\u00fc\u011f\u00fcn\u00fc ifade etti.<\/p>\n","protected":false},"excerpt":{"rendered":"<p>Askeri kaynak, ordu birliklerimizin Kunaytra k\u0131rsal\u0131 Um Bat\u0131na yolu \u00e7evresinde i\u00e7indeki ter\u00f6ristlerle birlikte bir ka\u00e7 h\u00fccreyi etkisiz hale getirdiklerini operasyonlarda \u00e7ok say\u0131da ter\u00f6ristin de \u00f6ld\u00fcr\u00fcld\u00fc\u011f\u00fcn\u00fc ifade etti.<\/p>\n","protected":false},"author":1,"featured_media":0,"comment_status":"closed","ping_status":"closed","sticky":false,"template":"","format":"standard","meta":{"footnotes":""},"categories":[1],"tags":[1031,4746],"class_list":["post-14313","post","type-post","status-publish","format-standard","","category-news-not-sorted","tag-askeri-kaynak","tag-ordu-birliklerimizin-kunaytra-kirsali-um-batina-yolu-cevresinde-icindeki-teroristlerle-birlikte-bir-kac-hucreyi-etkisiz-hale-getirdiklerini-operasyonlarda-cok-sayida-teroristin-de-olduruldugunu-ifade"],"_links":{"self":[{"href":"https:\/\/archive.sana.sy\/tr\/index.php?rest_route=\/wp\/v2\/posts\/14313","targetHints":{"allow":["GET"]}}],"collection":[{"href":"https:\/\/archive.sana.sy\/tr\/index.php?rest_route=\/wp\/v2\/posts"}],"about":[{"href":"https:\/\/archive.sana.sy\/tr\/index.php?rest_route=\/wp\/v2\/types\/post"}],"author":[{"embeddable":true,"href":"https:\/\/archive.sana.sy\/tr\/index.php?rest_route=\/wp\/v2\/users\/1"}],"replies":[{"embeddable":true,"href":"https:\/\/archive.sana.sy\/tr\/index.php?rest_route=%2Fwp%2Fv2%2Fcomments&post=14313"}],"version-history":[{"count":0,"href":"https:\/\/archive.sana.sy\/tr\/index.php?rest_route=\/wp\/v2\/posts\/14313\/revisions"}],"wp:attachment":[{"href":"https:\/\/archive.sana.sy\/tr\/index.php?rest_route=%2Fwp%2Fv2%2Fmedia&parent=14313"}],"wp:term":[{"taxonomy":"category","embeddable":true,"href":"https:\/\/archive.sana.sy\/tr\/index.php?rest_route=%2Fwp%2Fv2%2Fcategories&post=14313"},{"taxonomy":"post_tag","embeddable":true,"href":"https:\/\/archive.sana.sy\/tr\/index.php?rest_route=%2Fwp%2Fv2%2Ftags&post=14313"}],"curies":[{"name":"wp","href":"https:\/\/api.w.org\/{rel}","templated":true}]}}