{"id":143137,"date":"2018-03-27T19:41:14","date_gmt":"2018-03-27T17:41:14","guid":{"rendered":"https:\/\/www.sana.sy\/tr\/?p=143137"},"modified":"2018-03-28T10:33:31","modified_gmt":"2018-03-28T08:33:31","slug":"muallim-umman-sultanliginda-bir-dizi-temaslarda-bulundu","status":"publish","type":"post","link":"https:\/\/archive.sana.sy\/tr\/?p=143137","title":{"rendered":"Muallim Umman Sultanl\u0131\u011f\u0131nda Bir Dizi Temaslarda Bulundu"},"content":{"rendered":"<p>UMMAN \u2013 Ba\u015fbakan Yard\u0131mc\u0131s\u0131 D\u0131\u015fi\u015fleri ve Gurbet\u00e7iler Bakan\u0131 Velid Muallim Umman Sultanl\u0131\u011f\u0131na bulundu\u011fu i\u015f ziyaretinde bug\u00fcn bir dizi \u00f6nemli temaslarda bulundu.<\/p>\n<p>Muallim Umman Sultanl\u0131\u011f\u0131 Ba\u015fbakan Yard\u0131mc\u0131s\u0131 ve Sultan Kabus Bin Sait\u2019in \u00f6zel temsilcisi Asad Bin Tar\u0131k Al Sait ile bir araya gelerek iki karde\u015f \u00fclke aras\u0131ndaki koordinasyon ve i\u015fbirli\u011finin yan\u0131 s\u0131ra ikili ili\u015fikleri muhtelif alanlarda geli\u015ftirme olanaklar\u0131n\u0131 inceledi.<\/p>\n<p><a href=\"https:\/\/www.sana.sy\/tr\/wp-content\/uploads\/2018\/03\/Muallim.jpg-1.jpg\"><img loading=\"lazy\" decoding=\"async\" class=\"alignright wp-image-143139 size-medium\" src=\"https:\/\/www.sana.sy\/tr\/wp-content\/uploads\/2018\/03\/Muallim.jpg-1-300x134.jpg\" alt=\"\" width=\"300\" height=\"134\" srcset=\"https:\/\/archive.sana.sy\/tr\/wp-content\/uploads\/2018\/03\/Muallim.jpg-1-300x134.jpg 300w, https:\/\/archive.sana.sy\/tr\/wp-content\/uploads\/2018\/03\/Muallim.jpg-1-150x67.jpg 150w, https:\/\/archive.sana.sy\/tr\/wp-content\/uploads\/2018\/03\/Muallim.jpg-1.jpg 660w\" sizes=\"auto, (max-width: 300px) 100vw, 300px\" \/><\/a>Bin Tar\u0131k Al Sait medeniyet ve uygarl\u0131\u011f\u0131n be\u015fi\u011fi olarak nitelendirdi\u011fi Suriye&#8217;nin ter\u00f6r ve destek\u00e7ilerine kar\u015f\u0131 zaferlerini kutlarken, Sulan Kabus Bin Sait\u2019tin Cumhurba\u015fkan\u0131 Be\u015f\u015far el Esad\u2019a iyi dilek ve takdirlerini iletti.<\/p>\n<p>Muallim Umman Sultanl\u0131\u011f\u0131 D\u0131\u015fi\u015fleri Bakan\u0131 Yusuf Bin Ulevi ile de bir araya gelerek iki \u00fclke aras\u0131ndaki ili\u015fkileri geli\u015ftirme ve Suriye&#8217;deki son geli\u015fmeleri masaya yat\u0131r\u0131rken, iki taraf ele al\u0131nan konularda g\u00f6r\u00fc\u015f birli\u011fi kaydetti.<\/p>\n<p>Muallim d\u00fcn Umman Sultanl\u0131\u011f\u0131na ba\u015flatt\u0131\u011f\u0131 resmi i\u015f gezisinde Suriye B\u00fcy\u00fckel\u00e7ili\u011fi binas\u0131nda Suriyeli gurbet\u00e7iler ile bir araya geldi.<\/p>\n","protected":false},"excerpt":{"rendered":"<p>UMMAN \u2013 Ba\u015fbakan Yard\u0131mc\u0131s\u0131 D\u0131\u015fi\u015fleri ve Gurbet\u00e7iler Bakan\u0131 Velid Muallim Umman Sultanl\u0131\u011f\u0131na bulundu\u011fu i\u015f ziyaretinde bug\u00fcn bir dizi \u00f6nemli temaslarda bulundu. Muallim Umman Sultanl\u0131\u011f\u0131 Ba\u015fbakan Yard\u0131mc\u0131s\u0131 ve Sultan Kabus Bin Sait\u2019in \u00f6zel temsilcisi Asad Bin Tar\u0131k Al Sait ile bir araya gelerek iki karde\u015f \u00fclke aras\u0131ndaki koordinasyon ve i\u015fbirli\u011finin yan\u0131 s\u0131ra ikili ili\u015fikleri muhtelif alanlarda &hellip;<\/p>\n","protected":false},"author":1,"featured_media":143138,"comment_status":"closed","ping_status":"closed","sticky":false,"template":"","format":"standard","meta":{"footnotes":""},"categories":[458,459,17988],"tags":[35594,18555,35595,25401,17051],"class_list":["post-143137","post","type-post","status-publish","format-standard","has-post-thumbnail","","category-dunya1","category-haberler-arap-uluslararasi-politika","category-son-haberler","tag-asad-bin-tarik-al-sait","tag-basbakan-yardimcisi-disisleri-ve-gurbetciler-bakani","tag-sultan-kabus-bin-sait","tag-umman-sultanligi","tag-velid-muallim"],"_links":{"self":[{"href":"https:\/\/archive.sana.sy\/tr\/index.php?rest_route=\/wp\/v2\/posts\/143137","targetHints":{"allow":["GET"]}}],"collection":[{"href":"https:\/\/archive.sana.sy\/tr\/index.php?rest_route=\/wp\/v2\/posts"}],"about":[{"href":"https:\/\/archive.sana.sy\/tr\/index.php?rest_route=\/wp\/v2\/types\/post"}],"author":[{"embeddable":true,"href":"https:\/\/archive.sana.sy\/tr\/index.php?rest_route=\/wp\/v2\/users\/1"}],"replies":[{"embeddable":true,"href":"https:\/\/archive.sana.sy\/tr\/index.php?rest_route=%2Fwp%2Fv2%2Fcomments&post=143137"}],"version-history":[{"count":0,"href":"https:\/\/archive.sana.sy\/tr\/index.php?rest_route=\/wp\/v2\/posts\/143137\/revisions"}],"wp:featuredmedia":[{"embeddable":true,"href":"https:\/\/archive.sana.sy\/tr\/index.php?rest_route=\/wp\/v2\/media\/143138"}],"wp:attachment":[{"href":"https:\/\/archive.sana.sy\/tr\/index.php?rest_route=%2Fwp%2Fv2%2Fmedia&parent=143137"}],"wp:term":[{"taxonomy":"category","embeddable":true,"href":"https:\/\/archive.sana.sy\/tr\/index.php?rest_route=%2Fwp%2Fv2%2Fcategories&post=143137"},{"taxonomy":"post_tag","embeddable":true,"href":"https:\/\/archive.sana.sy\/tr\/index.php?rest_route=%2Fwp%2Fv2%2Ftags&post=143137"}],"curies":[{"name":"wp","href":"https:\/\/api.w.org\/{rel}","templated":true}]}}