{"id":14315,"date":"2014-11-01T12:20:35","date_gmt":"2014-11-01T10:20:35","guid":{"rendered":"http:\/\/www.sana.sy\/tr\/?p=14315"},"modified":"2014-11-01T12:16:02","modified_gmt":"2014-11-01T10:16:02","slug":"askeri-kaynak-ordu-birliklerimizin-homs-kirsali-el-vaar-semti-selam-sarki-museyrfe-arsune-kunaytrat-kastal-fukani-yukari-kastal-tehtani-asagi-ve-tulul-el-humur-koylerinde-onlarca-teroristi","status":"publish","type":"post","link":"https:\/\/archive.sana.sy\/tr\/?p=14315","title":{"rendered":"Askeri kaynak, ordu birliklerimizin Homs k\u0131rsal\u0131 el Vaar Semti, Selam \u015earki, Mu\u015feyrfe, Ar\u015fune, Kunaytrat, Kastal Fukani (Yukar\u0131), Kastal Tehtani (A\u015fa\u011f\u0131) ve Tulul el Humur K\u00f6ylerinde onlarca ter\u00f6risti \u00f6ld\u00fcrd\u00fcklerini h\u00fccrelerini de imha ettiklerini belirtti."},"content":{"rendered":"<p>Askeri kaynak, ordu birliklerimizin Homs k\u0131rsal\u0131 el Vaar Semti, Selam \u015earki, Mu\u015feyrfe, Ar\u015fune, Kunaytrat, Kastal Fukani (Yukar\u0131), Kastal Tehtani (A\u015fa\u011f\u0131) ve Tulul el Humur K\u00f6ylerinde onlarca ter\u00f6risti \u00f6ld\u00fcrd\u00fcklerini h\u00fccrelerini de imha ettiklerini belirtti.<\/p>\n","protected":false},"excerpt":{"rendered":"<p>Askeri kaynak, ordu birliklerimizin Homs k\u0131rsal\u0131 el Vaar Semti, Selam \u015earki, Mu\u015feyrfe, Ar\u015fune, Kunaytrat, Kastal Fukani (Yukar\u0131), Kastal Tehtani (A\u015fa\u011f\u0131) ve Tulul el Humur K\u00f6ylerinde onlarca ter\u00f6risti \u00f6ld\u00fcrd\u00fcklerini h\u00fccrelerini de imha ettiklerini belirtti.<\/p>\n","protected":false},"author":1,"featured_media":0,"comment_status":"closed","ping_status":"closed","sticky":false,"template":"","format":"standard","meta":{"footnotes":""},"categories":[1],"tags":[4750,1031,4752,4753,4751,4749,4747,4748],"class_list":["post-14315","post","type-post","status-publish","format-standard","","category-news-not-sorted","tag-arsune","tag-askeri-kaynak","tag-kastal-fukani-yukari","tag-kastal-tehtani-asagi-ve-tulul-el-humur-koylerinde-onlarca-teroristi-oldurduklerini-hucrelerini-de-imha-ettiklerini-belirtti","tag-kunaytrat","tag-museyrfe","tag-ordu-birliklerimizin-homs-kirsali-el-vaar-semti","tag-selam-sarki"],"_links":{"self":[{"href":"https:\/\/archive.sana.sy\/tr\/index.php?rest_route=\/wp\/v2\/posts\/14315","targetHints":{"allow":["GET"]}}],"collection":[{"href":"https:\/\/archive.sana.sy\/tr\/index.php?rest_route=\/wp\/v2\/posts"}],"about":[{"href":"https:\/\/archive.sana.sy\/tr\/index.php?rest_route=\/wp\/v2\/types\/post"}],"author":[{"embeddable":true,"href":"https:\/\/archive.sana.sy\/tr\/index.php?rest_route=\/wp\/v2\/users\/1"}],"replies":[{"embeddable":true,"href":"https:\/\/archive.sana.sy\/tr\/index.php?rest_route=%2Fwp%2Fv2%2Fcomments&post=14315"}],"version-history":[{"count":0,"href":"https:\/\/archive.sana.sy\/tr\/index.php?rest_route=\/wp\/v2\/posts\/14315\/revisions"}],"wp:attachment":[{"href":"https:\/\/archive.sana.sy\/tr\/index.php?rest_route=%2Fwp%2Fv2%2Fmedia&parent=14315"}],"wp:term":[{"taxonomy":"category","embeddable":true,"href":"https:\/\/archive.sana.sy\/tr\/index.php?rest_route=%2Fwp%2Fv2%2Fcategories&post=14315"},{"taxonomy":"post_tag","embeddable":true,"href":"https:\/\/archive.sana.sy\/tr\/index.php?rest_route=%2Fwp%2Fv2%2Ftags&post=14315"}],"curies":[{"name":"wp","href":"https:\/\/api.w.org\/{rel}","templated":true}]}}