{"id":14317,"date":"2014-11-01T12:27:00","date_gmt":"2014-11-01T10:27:00","guid":{"rendered":"http:\/\/www.sana.sy\/tr\/?p=14317"},"modified":"2014-11-01T12:18:36","modified_gmt":"2014-11-01T10:18:36","slug":"idlib-kentinde-aranan-9-kisi-durumlarinin-duzeltilmesi-icin-yetkili-birimlere-teslim-oldu","status":"publish","type":"post","link":"https:\/\/archive.sana.sy\/tr\/?p=14317","title":{"rendered":"\u0130dlib kentinde aranan 9 ki\u015fi durumlar\u0131n\u0131n d\u00fczeltilmesi i\u00e7in yetkili birimlere teslim oldu."},"content":{"rendered":"<p>\u0130dlib kentinde aranan 9 ki\u015fi durumlar\u0131n\u0131n d\u00fczeltilmesi i\u00e7in yetkili birimlere teslim oldu.<\/p>\n","protected":false},"excerpt":{"rendered":"<p>\u0130dlib kentinde aranan 9 ki\u015fi durumlar\u0131n\u0131n d\u00fczeltilmesi i\u00e7in yetkili birimlere teslim oldu.<\/p>\n","protected":false},"author":1,"featured_media":0,"comment_status":"closed","ping_status":"closed","sticky":false,"template":"","format":"standard","meta":{"footnotes":""},"categories":[1],"tags":[4754],"class_list":["post-14317","post","type-post","status-publish","format-standard","","category-news-not-sorted","tag-idlib-kentinde-aranan-9-kisi-durumlarinin-duzeltilmesi-icin-yetkili-birimlere-teslim-oldu"],"_links":{"self":[{"href":"https:\/\/archive.sana.sy\/tr\/index.php?rest_route=\/wp\/v2\/posts\/14317","targetHints":{"allow":["GET"]}}],"collection":[{"href":"https:\/\/archive.sana.sy\/tr\/index.php?rest_route=\/wp\/v2\/posts"}],"about":[{"href":"https:\/\/archive.sana.sy\/tr\/index.php?rest_route=\/wp\/v2\/types\/post"}],"author":[{"embeddable":true,"href":"https:\/\/archive.sana.sy\/tr\/index.php?rest_route=\/wp\/v2\/users\/1"}],"replies":[{"embeddable":true,"href":"https:\/\/archive.sana.sy\/tr\/index.php?rest_route=%2Fwp%2Fv2%2Fcomments&post=14317"}],"version-history":[{"count":0,"href":"https:\/\/archive.sana.sy\/tr\/index.php?rest_route=\/wp\/v2\/posts\/14317\/revisions"}],"wp:attachment":[{"href":"https:\/\/archive.sana.sy\/tr\/index.php?rest_route=%2Fwp%2Fv2%2Fmedia&parent=14317"}],"wp:term":[{"taxonomy":"category","embeddable":true,"href":"https:\/\/archive.sana.sy\/tr\/index.php?rest_route=%2Fwp%2Fv2%2Fcategories&post=14317"},{"taxonomy":"post_tag","embeddable":true,"href":"https:\/\/archive.sana.sy\/tr\/index.php?rest_route=%2Fwp%2Fv2%2Ftags&post=14317"}],"curies":[{"name":"wp","href":"https:\/\/api.w.org\/{rel}","templated":true}]}}