{"id":143213,"date":"2018-03-29T02:00:58","date_gmt":"2018-03-29T00:00:58","guid":{"rendered":"https:\/\/www.sana.sy\/tr\/?p=143213"},"modified":"2018-03-28T13:29:26","modified_gmt":"2018-03-28T11:29:26","slug":"bmde-suriye-daimi-temsilcisi-bessar-el-caferi-suriyenin-afrin-ve-golan-dahil-tgm-topraklarini-kurtaracagini-belirtti","status":"publish","type":"post","link":"https:\/\/archive.sana.sy\/tr\/?p=143213","title":{"rendered":"BM\u2019de Suriye Daimi Temsilcisi Be\u015f\u015far el Caferi; Suriye&#8217;nin Afrin ve Golan dahil t\u011fm topraklar\u0131n\u0131 kurtaraca\u011f\u0131n\u0131 belirtti"},"content":{"rendered":"<p>BM\u2019de Suriye Daimi Temsilcisi Be\u015f\u015far el Caferi; Suriye&#8217;nin Afrin ve Golan dahil t\u011fm topraklar\u0131n\u0131 kurtaraca\u011f\u0131n\u0131 belirtti<\/p>\n<p>https:\/\/www.youtube.com\/watch?v=cHvLa6jMXc4<\/p>\n","protected":false},"excerpt":{"rendered":"<p>BM\u2019de Suriye Daimi Temsilcisi Be\u015f\u015far el Caferi; Suriye&#8217;nin Afrin ve Golan dahil t\u011fm topraklar\u0131n\u0131 kurtaraca\u011f\u0131n\u0131 belirtti https:\/\/www.youtube.com\/watch?v=cHvLa6jMXc4<\/p>\n","protected":false},"author":1,"featured_media":143218,"comment_status":"closed","ping_status":"closed","sticky":false,"template":"","format":"standard","meta":{"footnotes":""},"categories":[18295],"tags":[],"class_list":["post-143213","post","type-post","status-publish","format-standard","has-post-thumbnail","","category-sana-video"],"_links":{"self":[{"href":"https:\/\/archive.sana.sy\/tr\/index.php?rest_route=\/wp\/v2\/posts\/143213","targetHints":{"allow":["GET"]}}],"collection":[{"href":"https:\/\/archive.sana.sy\/tr\/index.php?rest_route=\/wp\/v2\/posts"}],"about":[{"href":"https:\/\/archive.sana.sy\/tr\/index.php?rest_route=\/wp\/v2\/types\/post"}],"author":[{"embeddable":true,"href":"https:\/\/archive.sana.sy\/tr\/index.php?rest_route=\/wp\/v2\/users\/1"}],"replies":[{"embeddable":true,"href":"https:\/\/archive.sana.sy\/tr\/index.php?rest_route=%2Fwp%2Fv2%2Fcomments&post=143213"}],"version-history":[{"count":0,"href":"https:\/\/archive.sana.sy\/tr\/index.php?rest_route=\/wp\/v2\/posts\/143213\/revisions"}],"wp:featuredmedia":[{"embeddable":true,"href":"https:\/\/archive.sana.sy\/tr\/index.php?rest_route=\/wp\/v2\/media\/143218"}],"wp:attachment":[{"href":"https:\/\/archive.sana.sy\/tr\/index.php?rest_route=%2Fwp%2Fv2%2Fmedia&parent=143213"}],"wp:term":[{"taxonomy":"category","embeddable":true,"href":"https:\/\/archive.sana.sy\/tr\/index.php?rest_route=%2Fwp%2Fv2%2Fcategories&post=143213"},{"taxonomy":"post_tag","embeddable":true,"href":"https:\/\/archive.sana.sy\/tr\/index.php?rest_route=%2Fwp%2Fv2%2Ftags&post=143213"}],"curies":[{"name":"wp","href":"https:\/\/api.w.org\/{rel}","templated":true}]}}