{"id":14322,"date":"2014-11-02T08:35:28","date_gmt":"2014-11-02T06:35:28","guid":{"rendered":"http:\/\/www.sana.sy\/tr\/?p=14322"},"modified":"2014-11-02T14:53:11","modified_gmt":"2014-11-02T12:53:11","slug":"halep-amiriyede-bazi-sivil-binalar-kontrol-altina-alindi-sam-kirsalinda-sizma-girisimleri-cokertildi","status":"publish","type":"post","link":"https:\/\/archive.sana.sy\/tr\/?p=14322","title":{"rendered":"Aralar\u0131nda Yabanc\u0131lar\u0131n Bulundu\u011fu Onlarca Ter\u00f6rist \u00d6ld\u00fcr\u00fcld\u00fc"},"content":{"rendered":"<p>\u0130LLER \u2013 Kahraman ordu birliklerimizin ter\u00f6r ve ter\u00f6ristlere y\u00f6nelik \u00fclkenin muhtelif b\u00f6lgelerinde d\u00fczenledi\u011fi askeri operasyonlar sonucunda \u00e7ok say\u0131da ter\u00f6rist \u00f6l\u00fc ve yaral\u0131 d\u00fc\u015f\u00fcr\u00fcld\u00fc, baz\u0131 askeri kontrol noktalar\u0131na s\u0131zma giri\u015fimleri \u00e7\u00f6kertildi, ter\u00f6ristler say\u0131, cephane ve te\u00e7hizat bak\u0131m\u0131ndan a\u011f\u0131r kay\u0131plara u\u011frat\u0131ld\u0131.<\/p>\n<p><span style=\"color: #0000ff\">\u015eam K\u0131rsal\u0131nda Ter\u00f6ristlerin S\u0131zma Giri\u015fimleri \u00c7\u00f6kertildi<\/span><\/p>\n<p>Askeri kaynak, ordu birliklerimizin \u015eam K\u0131rsal\u0131 Han el \u015eih \u00c7iftlikleri \u00e7evresinde bulunan askeri kontrol noktalar\u0131na y\u00f6nelik ter\u00f6ristlerin s\u0131zma giri\u015fimlerini \u00e7\u00f6kerttiklerini \u00e7ok say\u0131da ter\u00f6risti \u00f6l\u00fc ve yaral\u0131 d\u00fc\u015f\u00fcrd\u00fcklerini belirtti.<\/p>\n<p>Kaynak yine Han el \u015eiyh\u2019in H\u00fcseyniye \u00c7iftliklerinde ise Nusra Cephesi eleba\u015flar\u0131n\u0131n bir karargah\u0131n\u0131 hedef almalar\u0131yla \u00e7ok say\u0131da ter\u00f6risti \u00f6l\u00fc ve yaral\u0131 d\u00fc\u015f\u00fcrd\u00fcklerini ifade etti.<\/p>\n<p><span style=\"color: #0000ff\">Halep ve K\u0131rsal\u0131nda Ordu Birliklerinin B\u00fcy\u00fck \u0130lerlemeleri S\u00fcr\u00fcyor<\/span><\/p>\n<p>Askeri kaynak, ordu birliklerimizin Halep\u2019in Amiriye B\u00f6lgesinde sivil yerle\u015fim binalar\u0131ndan bir ka\u00e7\u0131n\u0131 kontrolleri alt\u0131na ald\u0131klar\u0131n\u0131, i\u00e7inde korunan \u00e7o\u011fu ter\u00f6risti \u00f6l\u00fc ve yaral\u0131 d\u00fc\u015f\u00fcrd\u00fcklerini s\u00f6yledi.<\/p>\n<p>Kaynak, ordu birliklerimizin Halep ve k\u0131rsal\u0131n\u0131n S\u00fckkeri, E\u015frefiye, Tel el Zerazir, Me\u015fhed, Ramuse, \u015eeyh Said, Merce, Zirbe ve Leyremun\u2019da ter\u00f6ristlerin toplanma merkezleri ve h\u00fccrelerine y\u00f6nelik d\u00fczenledi\u011fi operasyonlar sonucunda \u00e7ok say\u0131da ter\u00f6risti \u00f6ld\u00fcrd\u00fcklerini bir \u00e7ok h\u00fccrelerini de imha ettiklerini s\u00f6yledi.<\/p>\n<p><span style=\"color: #0000ff\">\u0130dlib K\u0131rsal\u0131nda \u00c7ok Say\u0131da Ter\u00f6rist \u00d6ld\u00fcr\u00fcld\u00fc Su\u00e7 Edatlar\u0131 \u0130mha Edildi<\/span><\/p>\n<p>Askeri kaynak, ordu birliklerimizin \u0130dlib k\u0131rsal\u0131 Feylun, Tel el Lovz, Talab Beldeleriyle Teftenaz \u00e7evresinde \u00e7ok say\u0131da ter\u00f6risti \u00f6ld\u00fcrd\u00fcklerini su\u00e7 edatlar\u0131n\u0131 da imha ettiklerini s\u00f6yledi.<\/p>\n<p><span style=\"color: #0000ff\">Dera K\u0131rsal\u0131nda Ter\u00f6r H\u00fccreleri \u0130mha Edildi<\/span><\/p>\n<p>Askeri kaynak, ordu birliklerimizin Dera k\u0131rsal\u0131 Deyr el Ades Beldesinde ter\u00f6ristlerin bir ka\u00e7 h\u00fccresini imha ederek \u00e7ok say\u0131da ter\u00f6risti \u00f6ld\u00fcrd\u00fcklerini s\u00f6yledi.<\/p>\n<p>Kaynak; ordu birliklerimizin Dera k\u0131rsal\u0131 Etman \u2013 Tafas toprakl\u0131 yolunda \u00e7ok say\u0131da ter\u00f6risti \u00f6l\u00fc ve yaral\u0131 d\u00fc\u015f\u00fcrd\u00fcklerini, ara\u00e7lar\u0131n\u0131 da muhtevalar\u0131yla imha ettiklerini ifade etti.<\/p>\n<p><span style=\"color: #0000ff\">Kunaytra K\u0131rsal\u0131nda \u0130\u00e7indeki Ter\u00f6ristlerle H\u00fccreleri Etkisiz Hale Getirildi<\/span><\/p>\n<p>Askeri kaynak, ordu birliklerimizin Kunaytra k\u0131rsal\u0131 Um Bat\u0131na yolu \u00e7evresinde i\u00e7indeki ter\u00f6ristlerle birlikte bir ka\u00e7 h\u00fccreyi etkisiz hale getirdiklerini operasyonlarda \u00e7ok say\u0131da ter\u00f6ristin de \u00f6ld\u00fcr\u00fcld\u00fc\u011f\u00fcn\u00fc ifade etti.<\/p>\n<p>Bir ter\u00f6r grubunun Kunaytra k\u0131rsal\u0131 Deyr Makir Beldesinden el Hebbariye Beldesine s\u0131zma giri\u015fimini \u00e7\u00f6kerten ordu birliklerimiz, \u00e7at\u0131\u015fmada \u00e7ok say\u0131da ter\u00f6risti \u00f6l\u00fc ve yaral\u0131 d\u00fc\u015f\u00fcrd\u00fc.<\/p>\n<p><span style=\"color: #0000ff\">Homs K\u0131rsal\u0131n\u0131n Muhtelif B\u00f6lgelerinde Onlarca Ter\u00f6rist \u00d6ld\u00fcr\u00fcld\u00fc<\/span><\/p>\n<p>Askeri kaynak, ordu birliklerimizin Homs Kentinin Vaar Semtinin yan\u0131 s\u0131ra k\u0131rsala d\u00fc\u015fen Do\u011fu Selam, Mu\u015feyrfe, Ar\u015fune, Kunaytrat, Yukar\u0131 Kastal, A\u015fa\u011f\u0131 Kastal ve Tulul el Humur k\u00f6y ve beldelerinde onlarca ter\u00f6risti \u00f6ld\u00fcrd\u00fcklerini h\u00fccrelerini de imha ettiklerini belirtti.<\/p>\n","protected":false},"excerpt":{"rendered":"<p>\u0130LLER \u2013 Kahraman ordu birliklerimizin ter\u00f6r ve ter\u00f6ristlere y\u00f6nelik \u00fclkenin muhtelif b\u00f6lgelerinde d\u00fczenledi\u011fi askeri operasyonlar sonucunda \u00e7ok say\u0131da ter\u00f6rist \u00f6l\u00fc ve yaral\u0131 d\u00fc\u015f\u00fcr\u00fcld\u00fc, baz\u0131 askeri kontrol noktalar\u0131na s\u0131zma giri\u015fimleri \u00e7\u00f6kertildi, ter\u00f6ristler say\u0131, cephane ve te\u00e7hizat bak\u0131m\u0131ndan a\u011f\u0131r kay\u0131plara u\u011frat\u0131ld\u0131. \u015eam K\u0131rsal\u0131nda Ter\u00f6ristlerin S\u0131zma Giri\u015fimleri \u00c7\u00f6kertildi Askeri kaynak, ordu birliklerimizin \u015eam K\u0131rsal\u0131 Han el \u015eih \u00c7iftlikleri &hellip;<\/p>\n","protected":false},"author":1,"featured_media":14361,"comment_status":"closed","ping_status":"closed","sticky":false,"template":"","format":"standard","meta":{"footnotes":""},"categories":[575],"tags":[4756,4757],"class_list":["post-14322","post","type-post","status-publish","format-standard","has-post-thumbnail","","category-olaylar-ve-gercekler","tag-halep-amiriyede-bazi-sivil-binalar-kontrol-altina-alindi","tag-sam-kirsalinda-sizma-girisimleri-cokertildi"],"_links":{"self":[{"href":"https:\/\/archive.sana.sy\/tr\/index.php?rest_route=\/wp\/v2\/posts\/14322","targetHints":{"allow":["GET"]}}],"collection":[{"href":"https:\/\/archive.sana.sy\/tr\/index.php?rest_route=\/wp\/v2\/posts"}],"about":[{"href":"https:\/\/archive.sana.sy\/tr\/index.php?rest_route=\/wp\/v2\/types\/post"}],"author":[{"embeddable":true,"href":"https:\/\/archive.sana.sy\/tr\/index.php?rest_route=\/wp\/v2\/users\/1"}],"replies":[{"embeddable":true,"href":"https:\/\/archive.sana.sy\/tr\/index.php?rest_route=%2Fwp%2Fv2%2Fcomments&post=14322"}],"version-history":[{"count":0,"href":"https:\/\/archive.sana.sy\/tr\/index.php?rest_route=\/wp\/v2\/posts\/14322\/revisions"}],"wp:featuredmedia":[{"embeddable":true,"href":"https:\/\/archive.sana.sy\/tr\/index.php?rest_route=\/wp\/v2\/media\/14361"}],"wp:attachment":[{"href":"https:\/\/archive.sana.sy\/tr\/index.php?rest_route=%2Fwp%2Fv2%2Fmedia&parent=14322"}],"wp:term":[{"taxonomy":"category","embeddable":true,"href":"https:\/\/archive.sana.sy\/tr\/index.php?rest_route=%2Fwp%2Fv2%2Fcategories&post=14322"},{"taxonomy":"post_tag","embeddable":true,"href":"https:\/\/archive.sana.sy\/tr\/index.php?rest_route=%2Fwp%2Fv2%2Ftags&post=14322"}],"curies":[{"name":"wp","href":"https:\/\/api.w.org\/{rel}","templated":true}]}}