{"id":143300,"date":"2018-03-28T19:16:52","date_gmt":"2018-03-28T17:16:52","guid":{"rendered":"https:\/\/www.sana.sy\/tr\/?p=143300"},"modified":"2018-03-30T10:40:03","modified_gmt":"2018-03-30T07:40:03","slug":"temaslarini-surduren-muallim-buyukelcilik-binasinin-da-acilisina-katildi","status":"publish","type":"post","link":"https:\/\/archive.sana.sy\/tr\/?p=143300","title":{"rendered":"Temaslar\u0131n\u0131 S\u00fcrd\u00fcren Muallim, B\u00fcy\u00fckel\u00e7ilik Binas\u0131n\u0131n da A\u00e7\u0131l\u0131\u015f\u0131na Kat\u0131ld\u0131"},"content":{"rendered":"<p>MASKAT \u2013 Ba\u015fbakan Yard\u0131mc\u0131s\u0131 D\u0131\u015fi\u015fleri ve Gurbet\u00e7iler Bakan\u0131 Velid Muallim Umman Sultanl\u0131\u011f\u0131na bulundu\u011fu resmi i\u015f gezisinde bug\u00fcn Umman\u2019da Devlet Meclisi Ba\u015fkan\u0131 Yahya Bin Mahfuz el Munziri ile bir araya gelerek ba\u015fta parlamentolar aras\u0131nda olmak \u00fczere muhtelif alanlarda geli\u015ftirme olanaklar\u0131n\u0131 inceledi.<\/p>\n<p><a href=\"https:\/\/www.sana.sy\/tr\/wp-content\/uploads\/2018\/03\/\u0627\u0641\u062a\u062a\u0627\u062d-\u0627\u0644\u0633\u0641\u0627\u0631\u06292.jpg\"><img loading=\"lazy\" decoding=\"async\" class=\"alignright wp-image-143307 size-medium\" src=\"https:\/\/www.sana.sy\/tr\/wp-content\/uploads\/2018\/03\/\u0627\u0641\u062a\u062a\u0627\u062d-\u0627\u0644\u0633\u0641\u0627\u0631\u06292-300x200.jpg\" alt=\"\" width=\"300\" height=\"200\" srcset=\"https:\/\/archive.sana.sy\/tr\/wp-content\/uploads\/2018\/03\/\u0627\u0641\u062a\u062a\u0627\u062d-\u0627\u0644\u0633\u0641\u0627\u0631\u06292-300x200.jpg 300w, https:\/\/archive.sana.sy\/tr\/wp-content\/uploads\/2018\/03\/\u0627\u0641\u062a\u062a\u0627\u062d-\u0627\u0644\u0633\u0641\u0627\u0631\u06292-150x100.jpg 150w, https:\/\/archive.sana.sy\/tr\/wp-content\/uploads\/2018\/03\/\u0627\u0641\u062a\u062a\u0627\u062d-\u0627\u0644\u0633\u0641\u0627\u0631\u06292-768x511.jpg 768w, https:\/\/archive.sana.sy\/tr\/wp-content\/uploads\/2018\/03\/\u0627\u0641\u062a\u062a\u0627\u062d-\u0627\u0644\u0633\u0641\u0627\u0631\u06292-1024x682.jpg 1024w, https:\/\/archive.sana.sy\/tr\/wp-content\/uploads\/2018\/03\/\u0627\u0641\u062a\u062a\u0627\u062d-\u0627\u0644\u0633\u0641\u0627\u0631\u06292.jpg 1280w\" sizes=\"auto, (max-width: 300px) 100vw, 300px\" \/><\/a>\u0130ki \u00fclkede halklar\u0131n temsilcileri olan parlamentolar aras\u0131ndaki ili\u015fkilerin \u00f6nemine dikkat \u00e7eken Muallim; Suriye&#8217;deki son durum ve geli\u015fmeler hakk\u0131ndan da bilgi aktard\u0131.<\/p>\n<p>Munziri Suriye ve Halk Meclisi ile karde\u015flik ili\u015fkilerini peki\u015ftirmede Umman Sultanl\u0131\u011f\u0131n arzu ve \u00f6zenini ifade ederken, Suriye&#8217;nin en yak\u0131n s\u00fcre i\u00e7inde istikrar ve g\u00fcvenli\u011fine kavu\u015fup b\u00f6lgedeki \u00f6nc\u00fc ve kilit rol\u00fcn\u00fc g\u00fc\u00e7l\u00fc bir \u015fekilde yeniden oynamas\u0131 umudunu belirtti.<\/p>\n<p>Muallim ard\u0131ndan Umman Sultanl\u0131\u011f\u0131 D\u0131\u015fi\u015fleri Bakan\u0131 Yusuf Bin Ulevi\u2019nin e\u015fli\u011finde ba\u015fkent Maskat\u2019ta Suriye b\u00fcy\u00fckel\u00e7ili\u011finin yeni binas\u0131n\u0131n a\u00e7\u0131l\u0131\u015f\u0131na kat\u0131ld\u0131.<\/p>\n<p><a href=\"https:\/\/www.sana.sy\/tr\/wp-content\/uploads\/2018\/03\/photo_2018-03-28_17-08-36.jpg\"><img loading=\"lazy\" decoding=\"async\" class=\"alignright wp-image-143305 size-medium\" src=\"https:\/\/www.sana.sy\/tr\/wp-content\/uploads\/2018\/03\/photo_2018-03-28_17-08-36-300x200.jpg\" alt=\"\" width=\"300\" height=\"200\" srcset=\"https:\/\/archive.sana.sy\/tr\/wp-content\/uploads\/2018\/03\/photo_2018-03-28_17-08-36-300x200.jpg 300w, https:\/\/archive.sana.sy\/tr\/wp-content\/uploads\/2018\/03\/photo_2018-03-28_17-08-36-150x100.jpg 150w, https:\/\/archive.sana.sy\/tr\/wp-content\/uploads\/2018\/03\/photo_2018-03-28_17-08-36-768x512.jpg 768w, https:\/\/archive.sana.sy\/tr\/wp-content\/uploads\/2018\/03\/photo_2018-03-28_17-08-36-1024x682.jpg 1024w, https:\/\/archive.sana.sy\/tr\/wp-content\/uploads\/2018\/03\/photo_2018-03-28_17-08-36.jpg 1280w\" sizes=\"auto, (max-width: 300px) 100vw, 300px\" \/><\/a>Suriye B\u00fcy\u00fckel\u00e7ili\u011finin yeni binas\u0131n\u0131n hizmete a\u00e7\u0131lma faaliyetine Muallim\u2019e e\u015flik eden heyetin yan\u0131 s\u0131ra Umman D\u0131\u015fi\u015fleri Bakanl\u0131\u011f\u0131n\u0131n \u00fcst d\u00fczey yetkilileri ve Suriyeli gurbet\u00e7iler kat\u0131ld\u0131. A\u00e7\u0131l\u0131\u015f etkinli\u011finde Suriye&#8217;nin folklor ve k\u00fclt\u00fcr\u00fcne \u0131\u015f\u0131k tutan sunumlar yap\u0131ld\u0131.<\/p>\n<p>A\u00e7\u0131l\u0131\u015f t\u00f6reni ard\u0131ndan Muallim kendisine e\u015flik eden heyet ile birlikte Bin Ulevi ile d\u00fcn bulundu\u011fu temaslar\u0131n\u0131n g\u00fcndemini tamamlad\u0131. G\u00f6r\u00fc\u015fmede ele al\u0131nan konularda iki taraf aras\u0131nda tam bir g\u00f6r\u00fc\u015f birli\u011fi kaydedildi.<\/p>\n<p>K.\u00d6.<\/p>\n<div id='gallery-1' class='gallery galleryid-143300 gallery-columns-4 gallery-size-thumbnail'><figure class='gallery-item'>\n\t\t\t<div class='gallery-icon landscape'>\n\t\t\t\t<a href='https:\/\/archive.sana.sy\/tr\/wp-content\/uploads\/2018\/03\/\u0627\u0641\u062a\u062a\u0627\u062d-\u0627\u0644\u0633\u0641\u0627\u0631\u06291.jpg'><img loading=\"lazy\" decoding=\"async\" width=\"150\" height=\"102\" src=\"https:\/\/archive.sana.sy\/tr\/wp-content\/uploads\/2018\/03\/\u0627\u0641\u062a\u062a\u0627\u062d-\u0627\u0644\u0633\u0641\u0627\u0631\u06291-150x102.jpg\" class=\"attachment-thumbnail size-thumbnail\" alt=\"\" srcset=\"https:\/\/archive.sana.sy\/tr\/wp-content\/uploads\/2018\/03\/\u0627\u0641\u062a\u062a\u0627\u062d-\u0627\u0644\u0633\u0641\u0627\u0631\u06291-150x102.jpg 150w, https:\/\/archive.sana.sy\/tr\/wp-content\/uploads\/2018\/03\/\u0627\u0641\u062a\u062a\u0627\u062d-\u0627\u0644\u0633\u0641\u0627\u0631\u06291-300x204.jpg 300w, https:\/\/archive.sana.sy\/tr\/wp-content\/uploads\/2018\/03\/\u0627\u0641\u062a\u062a\u0627\u062d-\u0627\u0644\u0633\u0641\u0627\u0631\u06291-768x522.jpg 768w, https:\/\/archive.sana.sy\/tr\/wp-content\/uploads\/2018\/03\/\u0627\u0641\u062a\u062a\u0627\u062d-\u0627\u0644\u0633\u0641\u0627\u0631\u06291-1024x696.jpg 1024w, https:\/\/archive.sana.sy\/tr\/wp-content\/uploads\/2018\/03\/\u0627\u0641\u062a\u062a\u0627\u062d-\u0627\u0644\u0633\u0641\u0627\u0631\u06291-110x75.jpg 110w, https:\/\/archive.sana.sy\/tr\/wp-content\/uploads\/2018\/03\/\u0627\u0641\u062a\u062a\u0627\u062d-\u0627\u0644\u0633\u0641\u0627\u0631\u06291.jpg 1280w\" sizes=\"auto, (max-width: 150px) 100vw, 150px\" \/><\/a>\n\t\t\t<\/div><\/figure><figure class='gallery-item'>\n\t\t\t<div class='gallery-icon landscape'>\n\t\t\t\t<a href='https:\/\/archive.sana.sy\/tr\/wp-content\/uploads\/2018\/03\/photo_2018-03-28_17-08-30.jpg'><img loading=\"lazy\" decoding=\"async\" width=\"150\" height=\"100\" src=\"https:\/\/archive.sana.sy\/tr\/wp-content\/uploads\/2018\/03\/photo_2018-03-28_17-08-30-150x100.jpg\" class=\"attachment-thumbnail size-thumbnail\" alt=\"\" srcset=\"https:\/\/archive.sana.sy\/tr\/wp-content\/uploads\/2018\/03\/photo_2018-03-28_17-08-30-150x100.jpg 150w, https:\/\/archive.sana.sy\/tr\/wp-content\/uploads\/2018\/03\/photo_2018-03-28_17-08-30-300x200.jpg 300w, https:\/\/archive.sana.sy\/tr\/wp-content\/uploads\/2018\/03\/photo_2018-03-28_17-08-30-768x512.jpg 768w, https:\/\/archive.sana.sy\/tr\/wp-content\/uploads\/2018\/03\/photo_2018-03-28_17-08-30-1024x682.jpg 1024w, https:\/\/archive.sana.sy\/tr\/wp-content\/uploads\/2018\/03\/photo_2018-03-28_17-08-30-310x205.jpg 310w, https:\/\/archive.sana.sy\/tr\/wp-content\/uploads\/2018\/03\/photo_2018-03-28_17-08-30.jpg 1280w\" sizes=\"auto, (max-width: 150px) 100vw, 150px\" \/><\/a>\n\t\t\t<\/div><\/figure><figure class='gallery-item'>\n\t\t\t<div class='gallery-icon landscape'>\n\t\t\t\t<a href='https:\/\/archive.sana.sy\/tr\/wp-content\/uploads\/2018\/03\/photo_2018-03-28_17-08-27.jpg'><img loading=\"lazy\" decoding=\"async\" width=\"150\" height=\"100\" src=\"https:\/\/archive.sana.sy\/tr\/wp-content\/uploads\/2018\/03\/photo_2018-03-28_17-08-27-150x100.jpg\" class=\"attachment-thumbnail size-thumbnail\" alt=\"\" srcset=\"https:\/\/archive.sana.sy\/tr\/wp-content\/uploads\/2018\/03\/photo_2018-03-28_17-08-27-150x100.jpg 150w, https:\/\/archive.sana.sy\/tr\/wp-content\/uploads\/2018\/03\/photo_2018-03-28_17-08-27-300x200.jpg 300w, https:\/\/archive.sana.sy\/tr\/wp-content\/uploads\/2018\/03\/photo_2018-03-28_17-08-27-768x512.jpg 768w, https:\/\/archive.sana.sy\/tr\/wp-content\/uploads\/2018\/03\/photo_2018-03-28_17-08-27-1024x682.jpg 1024w, https:\/\/archive.sana.sy\/tr\/wp-content\/uploads\/2018\/03\/photo_2018-03-28_17-08-27-310x205.jpg 310w, https:\/\/archive.sana.sy\/tr\/wp-content\/uploads\/2018\/03\/photo_2018-03-28_17-08-27.jpg 1280w\" sizes=\"auto, (max-width: 150px) 100vw, 150px\" \/><\/a>\n\t\t\t<\/div><\/figure><figure class='gallery-item'>\n\t\t\t<div class='gallery-icon landscape'>\n\t\t\t\t<a href='https:\/\/archive.sana.sy\/tr\/wp-content\/uploads\/2018\/03\/\u0627\u0641\u062a\u062a\u0627\u062d-\u0627\u0644\u0633\u0641\u0627\u0631\u06293.jpg'><img loading=\"lazy\" decoding=\"async\" width=\"150\" height=\"100\" src=\"https:\/\/archive.sana.sy\/tr\/wp-content\/uploads\/2018\/03\/\u0627\u0641\u062a\u062a\u0627\u062d-\u0627\u0644\u0633\u0641\u0627\u0631\u06293-150x100.jpg\" class=\"attachment-thumbnail size-thumbnail\" alt=\"\" srcset=\"https:\/\/archive.sana.sy\/tr\/wp-content\/uploads\/2018\/03\/\u0627\u0641\u062a\u062a\u0627\u062d-\u0627\u0644\u0633\u0641\u0627\u0631\u06293-150x100.jpg 150w, https:\/\/archive.sana.sy\/tr\/wp-content\/uploads\/2018\/03\/\u0627\u0641\u062a\u062a\u0627\u062d-\u0627\u0644\u0633\u0641\u0627\u0631\u06293-300x200.jpg 300w, https:\/\/archive.sana.sy\/tr\/wp-content\/uploads\/2018\/03\/\u0627\u0641\u062a\u062a\u0627\u062d-\u0627\u0644\u0633\u0641\u0627\u0631\u06293-768x511.jpg 768w, https:\/\/archive.sana.sy\/tr\/wp-content\/uploads\/2018\/03\/\u0627\u0641\u062a\u062a\u0627\u062d-\u0627\u0644\u0633\u0641\u0627\u0631\u06293-1024x682.jpg 1024w, https:\/\/archive.sana.sy\/tr\/wp-content\/uploads\/2018\/03\/\u0627\u0641\u062a\u062a\u0627\u062d-\u0627\u0644\u0633\u0641\u0627\u0631\u06293-310x205.jpg 310w, https:\/\/archive.sana.sy\/tr\/wp-content\/uploads\/2018\/03\/\u0627\u0641\u062a\u062a\u0627\u062d-\u0627\u0644\u0633\u0641\u0627\u0631\u06293.jpg 1280w\" sizes=\"auto, (max-width: 150px) 100vw, 150px\" \/><\/a>\n\t\t\t<\/div><\/figure>\n\t\t<\/div>\n\n","protected":false},"excerpt":{"rendered":"<p>MASKAT \u2013 Ba\u015fbakan Yard\u0131mc\u0131s\u0131 D\u0131\u015fi\u015fleri ve Gurbet\u00e7iler Bakan\u0131 Velid Muallim Umman Sultanl\u0131\u011f\u0131na bulundu\u011fu resmi i\u015f gezisinde bug\u00fcn Umman\u2019da Devlet Meclisi Ba\u015fkan\u0131 Yahya Bin Mahfuz el Munziri ile bir araya gelerek ba\u015fta parlamentolar aras\u0131nda olmak \u00fczere muhtelif alanlarda geli\u015ftirme olanaklar\u0131n\u0131 inceledi. \u0130ki \u00fclkede halklar\u0131n temsilcileri olan parlamentolar aras\u0131ndaki ili\u015fkilerin \u00f6nemine dikkat \u00e7eken Muallim; Suriye&#8217;deki son durum &hellip;<\/p>\n","protected":false},"author":1,"featured_media":143311,"comment_status":"closed","ping_status":"closed","sticky":false,"template":"","format":"standard","meta":{"footnotes":""},"categories":[458,596,459,17988],"tags":[35616,35614,16591,35615,22181,35613,24154,35612,35617],"class_list":["post-143300","post","type-post","status-publish","format-standard","has-post-thumbnail","","category-dunya1","category-fotografli-raporlar","category-haberler-arap-uluslararasi-politika","category-son-haberler","tag-feysal-mikdat","tag-muskad","tag-suriye","tag-suriyenin-yeni-buyuk-elciligi-acildi","tag-suriyeliler","tag-umman","tag-umman-sultanligi-disisleri-bakani-yusuf-bin-ulevi","tag-velid-muhallim","tag-yahya-bin-mahfuz-el-munziri"],"_links":{"self":[{"href":"https:\/\/archive.sana.sy\/tr\/index.php?rest_route=\/wp\/v2\/posts\/143300","targetHints":{"allow":["GET"]}}],"collection":[{"href":"https:\/\/archive.sana.sy\/tr\/index.php?rest_route=\/wp\/v2\/posts"}],"about":[{"href":"https:\/\/archive.sana.sy\/tr\/index.php?rest_route=\/wp\/v2\/types\/post"}],"author":[{"embeddable":true,"href":"https:\/\/archive.sana.sy\/tr\/index.php?rest_route=\/wp\/v2\/users\/1"}],"replies":[{"embeddable":true,"href":"https:\/\/archive.sana.sy\/tr\/index.php?rest_route=%2Fwp%2Fv2%2Fcomments&post=143300"}],"version-history":[{"count":0,"href":"https:\/\/archive.sana.sy\/tr\/index.php?rest_route=\/wp\/v2\/posts\/143300\/revisions"}],"wp:featuredmedia":[{"embeddable":true,"href":"https:\/\/archive.sana.sy\/tr\/index.php?rest_route=\/wp\/v2\/media\/143311"}],"wp:attachment":[{"href":"https:\/\/archive.sana.sy\/tr\/index.php?rest_route=%2Fwp%2Fv2%2Fmedia&parent=143300"}],"wp:term":[{"taxonomy":"category","embeddable":true,"href":"https:\/\/archive.sana.sy\/tr\/index.php?rest_route=%2Fwp%2Fv2%2Fcategories&post=143300"},{"taxonomy":"post_tag","embeddable":true,"href":"https:\/\/archive.sana.sy\/tr\/index.php?rest_route=%2Fwp%2Fv2%2Ftags&post=143300"}],"curies":[{"name":"wp","href":"https:\/\/api.w.org\/{rel}","templated":true}]}}